{"id":668033,"date":"2025-12-24T19:26:04","date_gmt":"2025-12-24T19:26:04","guid":{"rendered":"https:\/\/microscopemedia.com\/?p=668033"},"modified":"2025-12-24T19:26:04","modified_gmt":"2025-12-24T19:26:04","slug":"alarma-la-granita-cu-rusia-norvegia-pregateste-evacuarea-civililor-din-zonele-de-frontiera","status":"publish","type":"post","link":"https:\/\/microscopemedia.com\/?p=668033","title":{"rendered":"Alarm\u0103 la grani\u021ba cu Rusia: Norvegia preg\u0103te\u0219te evacuarea civililor din zonele de frontier\u0103"},"content":{"rendered":"<div><img decoding=\"async\" src=\"https:\/\/microscopemedia.com\/wp-content\/uploads\/2025\/12\/alarma-la-granita-cu-rusia-norvegia-pregateste-evacuarea-civililor-din-zonele-de-frontiera.jpg\" class=\"ff-og-image-inserted\"><\/div>\n<p class=\"font-claude-response-body break-words whitespace-normal leading-[1.7]\" id=\"p-0\">Rusia este motivul pentru care efortul acoper\u0103 teritoriu cu teritoriu zonele expuse din punct de vedere geografic \u0219i strategic. M\u0103sura reflect\u0103 un nivel crescut de alert\u0103 de securitate \u00een contextul schimb\u0103rilor din climatul geopolitic european, noteaz\u0103 <a href=\"https:\/\/www.lastampa.it\/\">La Stampa<\/a>.<\/p>\n<h2 class=\"font-claude-response-body break-words whitespace-normal leading-[1.7]\" id=\"chapter-0\"><strong>Zonele cele mai expuse<\/strong><\/h2>\n<p class=\"font-claude-response-body break-words whitespace-normal leading-[1.7]\" id=\"p-1\">Finnmark se afl\u0103 la grani\u021ba direct\u0103 cu <a href=\"https:\/\/www.mediafax.ro\/externe\/viktor-orban-nu-exclude-riscul-izbucnirii-unui-razboi-in-europa-in-2026-fortele-pro-razboi-au-avantajul-23663051\">Rusia<\/a> \u0219i reprezint\u0103 una dintre cele mai sensibile zone. S\u00f8r-Varanger este punctul de contact terestru dintre cele dou\u0103 \u021b\u0103ri. Troms\u00f8 func\u021bioneaz\u0103 ca centrul civil \u0219i militar al Arcticii norvegiene.<\/p>\n<p class=\"font-claude-response-body break-words whitespace-normal leading-[1.7]\" id=\"p-2\">Autorit\u0103\u021bile locale au \u00eenceput deja s\u0103 lucreze la scenarii concrete. Acestea includ \u00eenregistrarea reziden\u021bilor, cartografierea facilit\u0103\u021bilor de primire disponibile \u0219i organizarea logisticii pentru orice mi\u0219c\u0103ri necesare.<\/p>\n<h2 class=\"font-claude-response-body break-words whitespace-normal leading-[1.7]\" id=\"chapter-1\"><strong>Nu este un exerci\u021biu teoretic<\/strong><\/h2>\n<p class=\"font-claude-response-body break-words whitespace-normal leading-[1.7]\" id=\"p-3\">Revizuirea planurilor de evacuare nu este un exerci\u021biu teoretic. Este o consecin\u021b\u0103 direct\u0103 a unei evalu\u0103ri care \u021bine seama de evenimentele din ultimii ani \u00een Europa de Est.<\/p>\n<p class=\"font-claude-response-body break-words whitespace-normal leading-[1.7]\" id=\"p-4\">Escaladarea a avut loc rapid \u00een regiune, adesea \u00een timp ce aten\u021bia publicului era \u00eendreptat\u0103 \u00een alt\u0103 parte. Ideea c\u0103 o criz\u0103 se poate materializa f\u0103r\u0103 semne evidente sau \u00eentr-un timp foarte scurt face acum parte integrant\u0103 din analiza strategic\u0103 a \u021b\u0103rilor nordice.<\/p>\n<h2 class=\"font-claude-response-body break-words whitespace-normal leading-[1.7]\" id=\"chapter-2\"><strong>Coordonare \u00eentre institu\u021bii<\/strong><\/h2>\n<p class=\"font-claude-response-body break-words whitespace-normal leading-[1.7]\" id=\"p-5\">Lucr\u0103rile sunt coordonate de Direktoratet for samfunnssikkerhet og beredskap (DSB), Agen\u021bia Norvegian\u0103 pentru Protec\u021bie Civil\u0103. Colaborarea se face cu for\u021bele armate \u0219i poli\u021bia.<\/p>\n<p class=\"font-claude-response-body break-words whitespace-normal leading-[1.7]\" id=\"p-6\">Consolidarea planurilor de evacuare va fi una dintre priorit\u0103\u021bile securit\u0103\u021bii civile \u00eencep\u00e2nd cu 2026. Scopul este de a face sistemul mai rapid, mai integrat \u0219i mai receptiv.<\/p>\n<h2 class=\"font-claude-response-body break-words whitespace-normal leading-[1.7]\" id=\"chapter-3\"><strong>\u00cengrijorare \u00een r\u00e2ndul localnicilor<\/strong><\/h2>\n<p class=\"font-claude-response-body break-words whitespace-normal leading-[1.7]\" id=\"p-7\">\u00cen nordul \u021b\u0103rii, alarma nu este doar institu\u021bional\u0103. Exist\u0103 o \u00eengrijorare palpabil\u0103 \u00een comentariile locuitorilor \u0219i \u00een reac\u021biile comunit\u0103\u021bilor locale.<\/p>\n<p class=\"font-claude-response-body break-words whitespace-normal leading-[1.7]\" id=\"p-8\">Mul\u021bi spun deschis c\u0103 nu vor s\u0103-\u0219i p\u0103r\u0103seasc\u0103 casele, chiar \u0219i \u00een fa\u021ba unor scenarii critice. Aceast\u0103 pozi\u021bie arat\u0103 c\u00e2t de mult grani\u021ba este perceput\u0103 nu ca o abstrac\u021bie geopolitic\u0103, ci ca o realitate cotidian\u0103, tr\u0103it\u0103.<\/p>\n<h2 class=\"font-claude-response-body break-words whitespace-normal leading-[1.7]\" id=\"chapter-4\"><strong>Mesajul de la Oslo<\/strong><\/h2>\n<p class=\"font-claude-response-body break-words whitespace-normal leading-[1.7]\" id=\"p-9\">Din Oslo vine un mesaj care \u00eencearc\u0103 s\u0103 concilieze dou\u0103 nevoi opuse: recunoa\u0219terea gravit\u0103\u021bii situa\u021biei f\u0103r\u0103 a alimenta panica. Autorit\u0103\u021bile insist\u0103 asupra unui concept cheie: \u201ePreg\u0103tire, nu panic\u0103\u201d.<\/p>\n<p class=\"font-claude-response-body break-words whitespace-normal leading-[1.7]\" id=\"p-10\">Revizuirea planurilor este prezentat\u0103 ca un act de responsabilitate, nu ca un semn de pericol iminent.<\/p>\n<h2 class=\"font-claude-response-body break-words whitespace-normal leading-[1.7]\" id=\"chapter-5\"><strong>Schimbarea climatului de securitate<\/strong><\/h2>\n<p class=\"font-claude-response-body break-words whitespace-normal leading-[1.7]\" id=\"p-11\">Chiar faptul c\u0103 Norvegia evalueaz\u0103 riscul centimetru cu centimetru \u0219i \u00ee\u0219i revizuie\u0219te protocoalele de evacuare arat\u0103 c\u00e2t de mult s-a schimbat climatul de securitate \u00een Europa.<\/p>\n<p class=\"font-claude-response-body break-words whitespace-normal leading-[1.7]\" id=\"p-12\">Agen\u021bia Norvegian\u0103 pentru Protec\u021bie Civil\u0103 a stabilit c\u0103 2026 va fi anul \u00een care sistemul de evacuare va fi consolidat semnificativ. Planurile vor fi testate \u0219i adaptate la realit\u0103\u021bile din teren.<\/p>\n<h2 class=\"font-claude-response-body break-words whitespace-normal leading-[1.7]\" id=\"chapter-6\"><strong>Context european<\/strong><\/h2>\n<p class=\"font-claude-response-body break-words whitespace-normal leading-[1.7]\" id=\"p-13\">Norvegia nu este singura \u021bar\u0103 nordic\u0103 care \u00ee\u0219i revizuie\u0219te planurile de securitate civil\u0103. Finlanda \u0219i Suedia au adoptat m\u0103suri similare \u00een ultimii ani, \u00een contextul ader\u0103rii la NATO \u0219i al tensiunilor crescute cu Rusia.<\/p>\n<p class=\"font-claude-response-body break-words whitespace-normal leading-[1.7]\" id=\"p-14\">\u021a\u0103rile nordice \u00ee\u0219i coordoneaz\u0103 eforturile de ap\u0103rare civil\u0103 \u0219i militar\u0103. Norvegia, ca membr\u0103 NATO de lung\u0103 durat\u0103, joac\u0103 un rol crucial \u00een securitatea regiunii arctice.<\/p>\n","protected":false},"excerpt":{"rendered":"<p>Rusia este motivul pentru care efortul acoper\u0103 teritoriu cu teritoriu zonele expuse din punct de vedere geografic \u0219i strategic. M\u0103sura reflect\u0103 un nivel crescut de alert\u0103 de securitate \u00een contextul &hellip; <a href=\"https:\/\/microscopemedia.com\/?p=668033\" class=\"more-link\">Read More<\/a><\/p>\n","protected":false},"author":1,"featured_media":668034,"comment_status":"closed","ping_status":"closed","sticky":false,"template":"Default","format":"standard","meta":[],"categories":[1],"tags":[],"_links":{"self":[{"href":"https:\/\/microscopemedia.com\/index.php?rest_route=\/wp\/v2\/posts\/668033"}],"collection":[{"href":"https:\/\/microscopemedia.com\/index.php?rest_route=\/wp\/v2\/posts"}],"about":[{"href":"https:\/\/microscopemedia.com\/index.php?rest_route=\/wp\/v2\/types\/post"}],"author":[{"embeddable":true,"href":"https:\/\/microscopemedia.com\/index.php?rest_route=\/wp\/v2\/users\/1"}],"replies":[{"embeddable":true,"href":"https:\/\/microscopemedia.com\/index.php?rest_route=%2Fwp%2Fv2%2Fcomments&post=668033"}],"version-history":[{"count":0,"href":"https:\/\/microscopemedia.com\/index.php?rest_route=\/wp\/v2\/posts\/668033\/revisions"}],"wp:featuredmedia":[{"embeddable":true,"href":"https:\/\/microscopemedia.com\/index.php?rest_route=\/wp\/v2\/media\/668034"}],"wp:attachment":[{"href":"https:\/\/microscopemedia.com\/index.php?rest_route=%2Fwp%2Fv2%2Fmedia&parent=668033"}],"wp:term":[{"taxonomy":"category","embeddable":true,"href":"https:\/\/microscopemedia.com\/index.php?rest_route=%2Fwp%2Fv2%2Fcategories&post=668033"},{"taxonomy":"post_tag","embeddable":true,"href":"https:\/\/microscopemedia.com\/index.php?rest_route=%2Fwp%2Fv2%2Ftags&post=668033"}],"curies":[{"name":"wp","href":"https:\/\/api.w.org\/{rel}","templated":true}]}}