{"id":668057,"date":"2025-12-25T05:16:04","date_gmt":"2025-12-25T05:16:04","guid":{"rendered":"https:\/\/microscopemedia.com\/?p=668057"},"modified":"2025-12-25T05:16:04","modified_gmt":"2025-12-25T05:16:04","slug":"cod-portocaliu-de-vant-puternic-in-caras-severin-rafale-de-pana-la-90-km-h","status":"publish","type":"post","link":"https:\/\/microscopemedia.com\/?p=668057","title":{"rendered":"Cod Portocaliu de v\u00e2nt puternic \u00een Cara\u0219-Severin: Rafale de p\u00e2n\u0103 la 90 km\/h"},"content":{"rendered":"<div><img decoding=\"async\" src=\"https:\/\/microscopemedia.com\/wp-content\/uploads\/2025\/12\/cod-portocaliu-de-vant-puternic-in-caras-severin-rafale-de-pana-la-90-km-h.jpg\" class=\"ff-og-image-inserted\"><\/div>\n<p class=\"font-claude-response-body break-words whitespace-normal leading-[1.7]\" id=\"p-0\">Meteorologii au emis joi diminea\u021b\u0103, la ora 5:18, o avertizare Cod Portocaliu de intensific\u0103ri ale v\u00e2ntului pentru 26 de localit\u0103\u021bi din jude\u021bul Cara\u0219-Severin, valabil\u0103 de la ora 5:30 p\u00e2n\u0103 la ora 8:00.<\/p>\n<h2 class=\"text-text-100 mt-3 -mb-1 text-[1.125rem] font-bold\" id=\"chapter-0\">Zone afectate de fenomenul meteorologic periculos<\/h2>\n<p class=\"font-claude-response-body break-words whitespace-normal leading-[1.7]\" id=\"p-1\">Avertizarea vizeaz\u0103 urm\u0103toarele localit\u0103\u021bi din Cara\u0219-Severin: Moldova Nou\u0103, Oravi\u021ba, Pojejena, Berzasca, Sichevi\u021ba, R\u0103c\u0103\u0219dia, Gr\u0103dinari, Sasca Montan\u0103, Dognecea, L\u0103pu\u0219nicu Mare, Dalbo\u0219e\u021b, Coronini, Forotic, Ticvaniu Mare, Ciclova Rom\u00e2n\u0103, G\u00e2rnic, \u0218opotu Nou, V\u0103r\u0103dia, Socol, Berli\u0219te, C\u0103rbunari, Naid\u0103\u0219, Vrani, Ciuchici, Ciudanovi\u021ba \u0219i Goruia.<\/p>\n<h2 class=\"text-text-100 mt-3 -mb-1 text-[1.125rem] font-bold\" id=\"chapter-1\">Rafale de v\u00e2nt de p\u00e2n\u0103 la 90 km\/h<\/h2>\n<p class=\"font-claude-response-body break-words whitespace-normal leading-[1.7]\" id=\"p-2\">Potrivit ANM, \u00een zonele men\u021bionate se vor semnala intensific\u0103ri ale v\u00e2ntului, cu viteze la rafal\u0103 cuprinse \u00eentre 70 \u0219i 90 km\/h. Astfel de viteze pot genera situa\u021bii periculoase, put\u00e2nd dobor\u00ee copaci, avaria structuri, afecta acoperi\u0219urile cl\u0103dirilor \u0219i perturba circula\u021bia rutier\u0103.<\/p>\n","protected":false},"excerpt":{"rendered":"<p>Meteorologii au emis joi diminea\u021b\u0103, la ora 5:18, o avertizare Cod Portocaliu de intensific\u0103ri ale v\u00e2ntului pentru 26 de localit\u0103\u021bi din jude\u021bul Cara\u0219-Severin, valabil\u0103 de la ora 5:30 p\u00e2n\u0103 la &hellip; <a href=\"https:\/\/microscopemedia.com\/?p=668057\" class=\"more-link\">Read More<\/a><\/p>\n","protected":false},"author":1,"featured_media":668058,"comment_status":"closed","ping_status":"closed","sticky":false,"template":"Default","format":"standard","meta":[],"categories":[1],"tags":[],"_links":{"self":[{"href":"https:\/\/microscopemedia.com\/index.php?rest_route=\/wp\/v2\/posts\/668057"}],"collection":[{"href":"https:\/\/microscopemedia.com\/index.php?rest_route=\/wp\/v2\/posts"}],"about":[{"href":"https:\/\/microscopemedia.com\/index.php?rest_route=\/wp\/v2\/types\/post"}],"author":[{"embeddable":true,"href":"https:\/\/microscopemedia.com\/index.php?rest_route=\/wp\/v2\/users\/1"}],"replies":[{"embeddable":true,"href":"https:\/\/microscopemedia.com\/index.php?rest_route=%2Fwp%2Fv2%2Fcomments&post=668057"}],"version-history":[{"count":0,"href":"https:\/\/microscopemedia.com\/index.php?rest_route=\/wp\/v2\/posts\/668057\/revisions"}],"wp:featuredmedia":[{"embeddable":true,"href":"https:\/\/microscopemedia.com\/index.php?rest_route=\/wp\/v2\/media\/668058"}],"wp:attachment":[{"href":"https:\/\/microscopemedia.com\/index.php?rest_route=%2Fwp%2Fv2%2Fmedia&parent=668057"}],"wp:term":[{"taxonomy":"category","embeddable":true,"href":"https:\/\/microscopemedia.com\/index.php?rest_route=%2Fwp%2Fv2%2Fcategories&post=668057"},{"taxonomy":"post_tag","embeddable":true,"href":"https:\/\/microscopemedia.com\/index.php?rest_route=%2Fwp%2Fv2%2Ftags&post=668057"}],"curies":[{"name":"wp","href":"https:\/\/api.w.org\/{rel}","templated":true}]}}