{"id":668059,"date":"2025-12-25T05:26:04","date_gmt":"2025-12-25T05:26:04","guid":{"rendered":"https:\/\/microscopemedia.com\/?p=668059"},"modified":"2025-12-25T05:26:04","modified_gmt":"2025-12-25T05:26:04","slug":"prima-liturghie-de-craciun-a-papei-leon-critica-dura-la-adresa-capitalismului-si-apel-la-demnitatea-umana","status":"publish","type":"post","link":"https:\/\/microscopemedia.com\/?p=668059","title":{"rendered":"Prima Liturghie de Cr\u0103ciun a Papei Leon: Critic\u0103 dur\u0103 la adresa capitalismului \u0219i apel la demnitatea uman\u0103"},"content":{"rendered":"<div><img decoding=\"async\" src=\"https:\/\/microscopemedia.com\/wp-content\/uploads\/2025\/12\/prima-liturghie-de-craciun-a-papei-leon-critica-dura-la-adresa-capitalismului-si-apel-la-demnitatea-umana.jpg\" class=\"ff-og-image-inserted\"><\/div>\n<p class=\"font-claude-response-body break-words whitespace-normal leading-[1.7]\" id=\"p-0\">Papa Leon al XIV-lea a oficiat prima sa Liturghie de Cr\u0103ciun cu un mesaj puternic \u00eempotriva modelelor economice capitaliste, denun\u021b\u00e2nd tratarea oamenilor ca ni\u0219te m\u0103rfuri \u0219i subliniind demnitatea infinit\u0103 a fiec\u0103rei persoane, conform <a href=\"https:\/\/www.rainews.it\/video\/2025\/12\/papa-a-sorpresa-saluta-fedeli-prima-della-messa-gesu-porta-la-pace-9d002f63-ac3b-4d4a-99d6-0c84a5c24fe6.html\">Rai News<\/a>.<\/p>\n<h2 class=\"text-text-100 mt-3 -mb-1 text-[1.125rem] font-bold\" id=\"chapter-0\">Mesaj dur \u00eempotriva economiei distorsionate<\/h2>\n<p class=\"font-claude-response-body break-words whitespace-normal leading-[1.7]\" id=\"p-1\">\u201e\u00cen timp ce o economie distorsionat\u0103 ne determin\u0103 s\u0103 trat\u0103m oamenii ca pe ni\u0219te m\u0103rfuri, Dumnezeu devine ca noi, revel\u00e2nd demnitatea infinit\u0103 a fiec\u0103rei persoane\u201d, a declarat Pontiful \u00een timpul celebr\u0103rii din Bazilica Sf\u00e2ntul Petru din Ajunul Cr\u0103ciunului.<\/p>\n<p class=\"font-claude-response-body break-words whitespace-normal leading-[1.7]\" id=\"p-2\">Relu\u00e2nd cuvintele predecesorului s\u0103u, Benedict al XVI-lea, Papa Leon al XIV-lea a avertizat c\u0103 \u201enu este loc pentru Dumnezeu dac\u0103 nu este loc pentru om\u201d, \u00eendemn\u00e2nd comunit\u0103\u021bile s\u0103 \u00ee\u0219i deschid\u0103 u\u0219ile \u00een fa\u021ba copiilor, s\u0103racilor \u0219i str\u0103inilor.<\/p>\n<h2 class=\"text-text-100 mt-3 -mb-1 text-[1.125rem] font-bold\" id=\"chapter-1\">Staulul din Betleem, mai sacru dec\u00e2t templul<\/h2>\n<p class=\"font-claude-response-body break-words whitespace-normal leading-[1.7]\" id=\"p-3\">Pontiful a subliniat c\u0103 \u201eunde este loc pentru om, este loc pentru Dumnezeu\u201d, numind staulul din Betleem mai sacru dec\u00e2t un templu, \u00eentr-o referin\u021b\u0103 direct\u0103 la valorile cre\u0219tine autentice fa\u021b\u0103 de opulen\u021ba institu\u021bional\u0103.<\/p>\n<h2 class=\"text-text-100 mt-3 -mb-1 text-[1.125rem] font-bold\" id=\"chapter-2\">Apari\u021bie surpriz\u0103 \u00een Pia\u021ba Sf\u00e2ntul Petru<\/h2>\n<p class=\"font-claude-response-body break-words whitespace-normal leading-[1.7]\" id=\"p-4\">\u00cenainte de celebrare, Papa Leon a f\u0103cut o apari\u021bie nea\u0219teptat\u0103 \u00een curtea Bazilicii pentru a-i saluta pe cei aproximativ 5.000 de credincio\u0219i care nu au putut intra \u00een biseric\u0103 din cauza spa\u021biului limitat. Pontiful le-a mul\u021bumit c\u0103 au venit \u00een ciuda ploii, aduc\u00e2nd un mesaj de pace.<\/p>\n<p class=\"font-claude-response-body break-words whitespace-normal leading-[1.7]\" id=\"p-5\">\u00cen total, aproximativ 6.000 de credincio\u0219i au participat la Liturghia de Ajunul Cr\u0103ciunului \u00een interiorul Bazilicii Sf\u00e2ntul Petru, potrivit datelor furnizate de Vatican.<\/p>\n<h2 class=\"text-text-100 mt-3 -mb-1 text-[1.125rem] font-bold\" id=\"chapter-3\">Betleem revine la via\u021b\u0103 dup\u0103 doi ani de \u00eentuneric<\/h2>\n<p class=\"font-claude-response-body break-words whitespace-normal leading-[1.7]\" id=\"p-6\">\u00cen paralel, mii de oameni s-au adunat \u00een Pia\u021ba Manger din Betleem pentru a s\u0103rb\u0103tori Cr\u0103ciunul, marc\u00e2nd o revenire la normalitate dup\u0103 doi ani de s\u0103rb\u0103tori sumbre din cauza r\u0103zboiului dintre Israel \u0219i Hamas.<\/p>\n<p class=\"font-claude-response-body break-words whitespace-normal leading-[1.7]\" id=\"p-7\">Bradul de Cr\u0103ciun gigant, absent \u00een timpul conflictului, a revenit \u00een fruntea unei parade formate din sute de cerceta\u0219i care c\u00e2ntau colinde la cimpoi. Ora\u0219ul \u00een care cre\u0219tinii cred c\u0103 s-a n\u0103scut Iisus anulase s\u0103rb\u0103torile de Cr\u0103ciun \u00een ultimii doi ani, organiz\u00e2nd doar ceremonii discrete.<\/p>\n<p class=\"font-claude-response-body break-words whitespace-normal leading-[1.7]\" id=\"p-8\">Cardinalul Pierbattista Pizzaballa, patriarhul latin al Ierusalimului \u0219i reprezentantul suprem al Bisericii Catolice \u00een \u021aara Sf\u00e2nt\u0103, a deschis s\u0103rb\u0103torile de Cr\u0103ciun \u00een timpul procesiunii tradi\u021bionale de la Ierusalim la Betleem.<\/p>\n<p class=\"font-claude-response-body break-words whitespace-normal leading-[1.7]\" id=\"p-9\">\u201eDup\u0103 doi ani de \u00eentuneric, avem nevoie de lumin\u0103\u201d, a declarat Pizzaballa, transmi\u021b\u00e2nd salut\u0103ri din partea micii comunit\u0103\u021bi cre\u0219tine din Gaza, unde a celebrat duminic\u0103 o liturghie \u00eenainte de Cr\u0103ciun. \u201eNoi, cu to\u021bii, decidem s\u0103 fim lumina, iar lumina Betleemului este lumina lumii\u201d, a spus cardinalul miilor de oameni, cre\u0219tini \u0219i musulmani, aduna\u021bi \u00een pia\u021b\u0103.<\/p>\n","protected":false},"excerpt":{"rendered":"<p>Papa Leon al XIV-lea a oficiat prima sa Liturghie de Cr\u0103ciun cu un mesaj puternic \u00eempotriva modelelor economice capitaliste, denun\u021b\u00e2nd tratarea oamenilor ca ni\u0219te m\u0103rfuri \u0219i subliniind demnitatea infinit\u0103 a &hellip; <a href=\"https:\/\/microscopemedia.com\/?p=668059\" class=\"more-link\">Read More<\/a><\/p>\n","protected":false},"author":1,"featured_media":668060,"comment_status":"closed","ping_status":"closed","sticky":false,"template":"Default","format":"standard","meta":[],"categories":[1],"tags":[],"_links":{"self":[{"href":"https:\/\/microscopemedia.com\/index.php?rest_route=\/wp\/v2\/posts\/668059"}],"collection":[{"href":"https:\/\/microscopemedia.com\/index.php?rest_route=\/wp\/v2\/posts"}],"about":[{"href":"https:\/\/microscopemedia.com\/index.php?rest_route=\/wp\/v2\/types\/post"}],"author":[{"embeddable":true,"href":"https:\/\/microscopemedia.com\/index.php?rest_route=\/wp\/v2\/users\/1"}],"replies":[{"embeddable":true,"href":"https:\/\/microscopemedia.com\/index.php?rest_route=%2Fwp%2Fv2%2Fcomments&post=668059"}],"version-history":[{"count":0,"href":"https:\/\/microscopemedia.com\/index.php?rest_route=\/wp\/v2\/posts\/668059\/revisions"}],"wp:featuredmedia":[{"embeddable":true,"href":"https:\/\/microscopemedia.com\/index.php?rest_route=\/wp\/v2\/media\/668060"}],"wp:attachment":[{"href":"https:\/\/microscopemedia.com\/index.php?rest_route=%2Fwp%2Fv2%2Fmedia&parent=668059"}],"wp:term":[{"taxonomy":"category","embeddable":true,"href":"https:\/\/microscopemedia.com\/index.php?rest_route=%2Fwp%2Fv2%2Fcategories&post=668059"},{"taxonomy":"post_tag","embeddable":true,"href":"https:\/\/microscopemedia.com\/index.php?rest_route=%2Fwp%2Fv2%2Ftags&post=668059"}],"curies":[{"name":"wp","href":"https:\/\/api.w.org\/{rel}","templated":true}]}}