{"id":668067,"date":"2025-12-25T06:06:04","date_gmt":"2025-12-25T06:06:04","guid":{"rendered":"https:\/\/microscopemedia.com\/?p=668067"},"modified":"2025-12-25T06:06:04","modified_gmt":"2025-12-25T06:06:04","slug":"concert-de-jazz-anulat-la-kennedy-center-dupa-adaugarea-numelui-lui-trump-pe-cladire","status":"publish","type":"post","link":"https:\/\/microscopemedia.com\/?p=668067","title":{"rendered":"Concert de jazz anulat la Kennedy Center dup\u0103 ad\u0103ugarea numelui lui Trump pe cl\u0103dire"},"content":{"rendered":"<div><img decoding=\"async\" src=\"https:\/\/microscopemedia.com\/wp-content\/uploads\/2025\/12\/concert-de-jazz-anulat-la-kennedy-center-dupa-adaugarea-numelui-lui-trump-pe-cladire.jpg\" class=\"ff-og-image-inserted\"><\/div>\n<p class=\"font-claude-response-body break-words whitespace-normal leading-[1.7]\" id=\"p-0\">Concertul de jazz de Ajunul Cr\u0103ciunului de la Kennedy Center, o tradi\u021bie care dura de mai bine de dou\u0103 decenii, a fost anulat dup\u0103 ce numele pre\u0219edintelui Donald Trump a fost ad\u0103ugat pe fa\u021bada cl\u0103dirii.<\/p>\n<h2 class=\"text-text-100 mt-3 -mb-1 text-[1.125rem] font-bold\" id=\"chapter-0\">Gazda spectacolului \u00ee\u0219i explic\u0103 decizia<\/h2>\n<p class=\"font-claude-response-body break-words whitespace-normal leading-[1.7]\" id=\"p-1\">Chuck Redd, baterist \u0219i vibrafonist care a c\u00e2ntat al\u0103turi de arti\u0219ti precum Dizzy Gillespie \u0219i Ray Brown, a anun\u021bat miercuri anularea concertului. \u201eC\u00e2nd am v\u0103zut schimbarea numelui pe site-ul Kennedy Center \u0219i, c\u00e2teva ore mai t\u00e2rziu, pe cl\u0103dire, am decis s\u0103 anulez concertul nostru\u201d, a declarat muzicianul pentru Associated Press.<\/p>\n<p class=\"font-claude-response-body break-words whitespace-normal leading-[1.7]\" id=\"p-2\">Redd prezideaz\u0103 concertele \u201eJazz Jams\u201d de s\u0103rb\u0103tori la Centrul Kennedy din 2006, succed\u00e2ndu-i basistului William \u201eKeter\u201d Betts.<\/p>\n<h2 class=\"text-text-100 mt-3 -mb-1 text-[1.125rem] font-bold\" id=\"chapter-1\">Noua denumire a centrului cultural<\/h2>\n<p class=\"font-claude-response-body break-words whitespace-normal leading-[1.7]\" id=\"p-3\">De vineri, pe fa\u021bada cl\u0103dirii apare inscrip\u021bia \u201eThe Donald J. Trump and The John F. Kennedy Memorial Center for the Performing Arts\u201d. Casa Alb\u0103 a anun\u021bat c\u0103 schimbarea a fost aprobat\u0103 de consiliul de administra\u021bie ales de pre\u0219edinte.<\/p>\n<p class=\"font-claude-response-body break-words whitespace-normal leading-[1.7]\" id=\"p-4\">Potrivit unor exper\u021bi \u00een drept, decizia este ilegal\u0103. Trump sugera de luni de zile c\u0103 era deschis la modificarea numelui centrului.<\/p>\n<h2 class=\"text-text-100 mt-3 -mb-1 text-[1.125rem] font-bold\" id=\"chapter-2\">Controversa juridic\u0103<\/h2>\n<p class=\"font-claude-response-body break-words whitespace-normal leading-[1.7]\" id=\"p-5\">Pre\u0219edintele Kennedy a fost asasinat \u00een 1963. Congresul a adoptat un an mai t\u00e2rziu o lege prin care centrul a fost desemnat memorial viu \u00een memoria sa.<\/p>\n<p class=\"font-claude-response-body break-words whitespace-normal leading-[1.7]\" id=\"p-6\">Legea interzice \u00een mod explicit consiliului de administra\u021bie s\u0103 transforme centrul \u00eentr-un memorial dedicat altcuiva \u0219i s\u0103 plaseze numele altei persoane pe exteriorul cl\u0103dirii. Fostul istoric al Camerei Reprezentan\u021bilor, Ray Smock, se num\u0103r\u0103 printre cei care sus\u021bin c\u0103 orice schimbare ar trebui s\u0103 fie aprobat\u0103 de Congres.<\/p>\n<h2 class=\"text-text-100 mt-3 -mb-1 text-[1.125rem] font-bold\" id=\"chapter-3\">Reac\u021bii \u0219i promisiuni<\/h2>\n<p class=\"font-claude-response-body break-words whitespace-normal leading-[1.7]\" id=\"p-7\">Kerry Kennedy, nepoata pre\u0219edintelui Kennedy, a promis c\u0103 va elimina numele lui Trump de pe cl\u0103dire odat\u0103 ce acesta va p\u0103r\u0103si func\u021bia.<\/p>\n<p class=\"font-claude-response-body break-words whitespace-normal leading-[1.7]\" id=\"p-8\">Trump, republican, s-a implicat profund \u00een activitatea centrului numit dup\u0103 un democrat iconic, dup\u0103 ce l-a ignorat \u00een mare parte \u00een timpul primului s\u0103u mandat. El a for\u021bat plecarea conducerii, a reorganizat consiliul de administra\u021bie \u0219i a g\u0103zduit personal premiile Kennedy Center din acest an, difuzate mar\u021bi pe CBS.<\/p>\n<h2 class=\"text-text-100 mt-3 -mb-1 text-[1.125rem] font-bold\" id=\"chapter-4\">Val de anul\u0103ri<\/h2>\n<p class=\"font-claude-response-body break-words whitespace-normal leading-[1.7]\" id=\"p-9\">Numero\u0219i arti\u0219ti au anulat spectacole la Centrul Kennedy de c\u00e2nd Trump a revenit la putere. Printre ace\u0219tia se num\u0103r\u0103 Issa Rae, Peter Wolf \u0219i Lin-Manuel Miranda, care a renun\u021bat la o produc\u021bie planificat\u0103 a piesei \u201eHamilton\u201d.<\/p>\n<p class=\"font-claude-response-body break-words whitespace-normal leading-[1.7]\" id=\"p-10\">Schimb\u0103rile de la Kennedy Center fac parte din misiunea mai ampl\u0103 a pre\u0219edintelui de a combate cultura \u201ewoke\u201d \u00een institu\u021biile culturale federale.<\/p>\n","protected":false},"excerpt":{"rendered":"<p>Concertul de jazz de Ajunul Cr\u0103ciunului de la Kennedy Center, o tradi\u021bie care dura de mai bine de dou\u0103 decenii, a fost anulat dup\u0103 ce numele pre\u0219edintelui Donald Trump a &hellip; <a href=\"https:\/\/microscopemedia.com\/?p=668067\" class=\"more-link\">Read More<\/a><\/p>\n","protected":false},"author":1,"featured_media":668068,"comment_status":"closed","ping_status":"closed","sticky":false,"template":"Default","format":"standard","meta":[],"categories":[1],"tags":[],"_links":{"self":[{"href":"https:\/\/microscopemedia.com\/index.php?rest_route=\/wp\/v2\/posts\/668067"}],"collection":[{"href":"https:\/\/microscopemedia.com\/index.php?rest_route=\/wp\/v2\/posts"}],"about":[{"href":"https:\/\/microscopemedia.com\/index.php?rest_route=\/wp\/v2\/types\/post"}],"author":[{"embeddable":true,"href":"https:\/\/microscopemedia.com\/index.php?rest_route=\/wp\/v2\/users\/1"}],"replies":[{"embeddable":true,"href":"https:\/\/microscopemedia.com\/index.php?rest_route=%2Fwp%2Fv2%2Fcomments&post=668067"}],"version-history":[{"count":0,"href":"https:\/\/microscopemedia.com\/index.php?rest_route=\/wp\/v2\/posts\/668067\/revisions"}],"wp:featuredmedia":[{"embeddable":true,"href":"https:\/\/microscopemedia.com\/index.php?rest_route=\/wp\/v2\/media\/668068"}],"wp:attachment":[{"href":"https:\/\/microscopemedia.com\/index.php?rest_route=%2Fwp%2Fv2%2Fmedia&parent=668067"}],"wp:term":[{"taxonomy":"category","embeddable":true,"href":"https:\/\/microscopemedia.com\/index.php?rest_route=%2Fwp%2Fv2%2Fcategories&post=668067"},{"taxonomy":"post_tag","embeddable":true,"href":"https:\/\/microscopemedia.com\/index.php?rest_route=%2Fwp%2Fv2%2Ftags&post=668067"}],"curies":[{"name":"wp","href":"https:\/\/api.w.org\/{rel}","templated":true}]}}