{"id":668103,"date":"2025-12-25T09:46:04","date_gmt":"2025-12-25T09:46:04","guid":{"rendered":"https:\/\/microscopemedia.com\/?p=668103"},"modified":"2025-12-25T09:46:04","modified_gmt":"2025-12-25T09:46:04","slug":"nicusor-dan-mesaj-de-craciun-despre-familie-si-valori-sa-ne-recapatam-forta-unei-natiuni-constienta-de-identitatea-sa","status":"publish","type":"post","link":"https:\/\/microscopemedia.com\/?p=668103","title":{"rendered":"Nicu\u0219or Dan, mesaj de Cr\u0103ciun despre familie \u0219i valori: S\u0103 ne rec\u0103p\u0103t\u0103m for\u0163a unei na\u0163iuni con\u015ftient\u0103 de identitatea sa"},"content":{"rendered":"<div><img decoding=\"async\" src=\"https:\/\/microscopemedia.com\/wp-content\/uploads\/2025\/12\/nicusor-dan-mesaj-de-craciun-despre-familie-si-valori-sa-ne-recapatam-forta-unei-natiuni-constienta-de-identitatea-sa.jpg\" class=\"ff-og-image-inserted\"><\/div>\n<p data-start=\"76\" data-end=\"328\" id=\"p-0\">Pre\u0219edintele Nicu\u0219or Dan a transmis joi un mesaj de Cr\u0103ciun \u00een care a scris despre c\u00e2t de mare este importan\u021ba acestei s\u0103rb\u0103tori \u0219i despre leg\u0103tura cu familia, credin\u021ba \u0219i valorile personale.<\/p>\n<p data-start=\"76\" data-end=\"328\" id=\"p-1\">Mesajul a fost publicat pe 25 decembrie, pe pagina sa de Facebook.<\/p>\n<p data-start=\"330\" data-end=\"799\" id=\"p-2\">\u201eNa\u015fterea lui Hristos este pentru noi, cre\u015ftinii, s\u0103rb\u0103toarea speran\u0163ei, a luminii \u015fi a adev\u0103rului credin\u0163ei. Oriunde ne-am afla, Cr\u0103ciunul ne aminte\u015fte de acas\u0103, de magia copil\u0103riei \u015fi ne readuce mai aproape de esen\u0163a valorilor care dau sens vie\u0163ii noastre. Momentele petrecute \u00een familie \u015fi bucuria de a-i avea aproape pe cei dragi sunt cele mai pre\u0163ioase daruri, pe care, \u00een tumultul vie\u0163ii de zi cu zi, risc\u0103m uneori s\u0103 nu le apreciem at\u00e2t de mult pe c\u00e2t ar trebui\u201d, a scris Nicu\u0219or Dan pe Facebook.<\/p>\n<div class=\"flex flex-col text-sm pb-25\">\n<article class=\"text-token-text-primary w-full focus:outline-none [--shadow-height:45px] has-data-writing-block:pointer-events-none has-data-writing-block:-mt-(--shadow-height) has-data-writing-block:pt-(--shadow-height) [&amp;:has([data-writing-block])>*]:pointer-events-auto scroll-mt-[calc(var(&#8211;header-height)+min(200px,max(70px,20svh)))]&#8221; dir=&#8221;auto&#8221; tabindex=&#8221;-1&#8243; data-turn-id=&#8221;request-WEB:f566deeb-eda9-4f65-a80f-020326bc8fab-2&#8243; data-testid=&#8221;conversation-turn-6&#8243; data-scroll-anchor=&#8221;true&#8221; data-turn=&#8221;assistant&#8221;><\/p>\n<div class=\"text-base my-auto mx-auto pb-10 [--thread-content-margin:--spacing(4)] @w-sm\/main:[--thread-content-margin:--spacing(6)] @w-lg\/main:[--thread-content-margin:--spacing(16)] px-(--thread-content-margin)\">\n<div class=\"[--thread-content-max-width:40rem] @w-lg\/main:[--thread-content-max-width:48rem] mx-auto max-w-(--thread-content-max-width) flex-1 group\/turn-messages focus-visible:outline-hidden relative flex w-full min-w-0 flex-col agent-turn\" tabindex=\"-1\">\n<div class=\"flex max-w-full flex-col grow\">\n<div class=\"min-h-8 text-message relative flex w-full flex-col items-end gap-2 text-start break-words whitespace-normal [.text-message+&amp;]:mt-1\" dir=\"auto\" data-message-author-role=\"assistant\" data-message-id=\"3d9a49d4-1786-4da8-ba3c-d2adc711eca8\" data-message-model-slug=\"gpt-5-2\">\n<div class=\"flex w-full flex-col gap-1 empty:hidden first:pt-[1px]\" readability=\"15\">\n<div class=\"markdown prose dark:prose-invert w-full break-words light markdown-new-styling\" readability=\"25\">\n<p data-start=\"801\" data-end=\"881\" id=\"p-3\">Pre\u0219edintele a adresat rom\u00e2nilor \u0219i o urare cu ocazia acestor s\u0103rb\u0103tori.<\/p>\n<p data-start=\"883\" data-end=\"906\" id=\"p-4\">\u201eCr\u0103ciun binecuv\u00e2ntat!\u201d<\/p>\n<p data-start=\"908\" data-end=\"1009\" id=\"p-6\">\u00cen cele scrise, pre\u0219edintele a men\u021bionat \u0219i c\u00e2t conteaz\u0103 lini\u0219tea \u00een perioada aceasta, \u0219i mai ales, \u00een\u021belegerea \u0219i unitatea \u00een societatea rom\u00e2neasc\u0103.<\/p>\n<p data-start=\"1011\" data-end=\"1316\" data-is-last-node data-is-only-node id=\"p-7\">\u201e\u00cen aceste zile speciale, s\u0103 ne reg\u0103sim lini\u015ftea sufleteasc\u0103, puterea de a fi mai buni, mai \u00een\u0163elep\u0163i \u015fi mai \u00een\u0163eleg\u0103tori pentru ca, \u00eempreun\u0103, s\u0103 ne rec\u0103p\u0103t\u0103m for\u0163a unei na\u0163iuni con\u015ftient\u0103 de identitatea sa \u015fi hot\u0103r\u00e2t\u0103 s\u0103 \u00ee\u015fi construiasc\u0103 viitorul cu \u00eencredere. V\u0103 doresc tuturor un Cr\u0103ciun binecuv\u00e2ntat!\u201d<\/p>\n<\/div>\n<\/div>\n<\/div>\n<\/div>\n<\/div>\n<\/div>\n<\/article>\n<\/div>\n","protected":false},"excerpt":{"rendered":"<p>Pre\u0219edintele Nicu\u0219or Dan a transmis joi un mesaj de Cr\u0103ciun \u00een care a scris despre c\u00e2t de mare este importan\u021ba acestei s\u0103rb\u0103tori \u0219i despre leg\u0103tura cu familia, credin\u021ba \u0219i valorile &hellip; <a href=\"https:\/\/microscopemedia.com\/?p=668103\" class=\"more-link\">Read More<\/a><\/p>\n","protected":false},"author":1,"featured_media":668104,"comment_status":"closed","ping_status":"closed","sticky":false,"template":"Default","format":"standard","meta":[],"categories":[1],"tags":[],"_links":{"self":[{"href":"https:\/\/microscopemedia.com\/index.php?rest_route=\/wp\/v2\/posts\/668103"}],"collection":[{"href":"https:\/\/microscopemedia.com\/index.php?rest_route=\/wp\/v2\/posts"}],"about":[{"href":"https:\/\/microscopemedia.com\/index.php?rest_route=\/wp\/v2\/types\/post"}],"author":[{"embeddable":true,"href":"https:\/\/microscopemedia.com\/index.php?rest_route=\/wp\/v2\/users\/1"}],"replies":[{"embeddable":true,"href":"https:\/\/microscopemedia.com\/index.php?rest_route=%2Fwp%2Fv2%2Fcomments&post=668103"}],"version-history":[{"count":0,"href":"https:\/\/microscopemedia.com\/index.php?rest_route=\/wp\/v2\/posts\/668103\/revisions"}],"wp:featuredmedia":[{"embeddable":true,"href":"https:\/\/microscopemedia.com\/index.php?rest_route=\/wp\/v2\/media\/668104"}],"wp:attachment":[{"href":"https:\/\/microscopemedia.com\/index.php?rest_route=%2Fwp%2Fv2%2Fmedia&parent=668103"}],"wp:term":[{"taxonomy":"category","embeddable":true,"href":"https:\/\/microscopemedia.com\/index.php?rest_route=%2Fwp%2Fv2%2Fcategories&post=668103"},{"taxonomy":"post_tag","embeddable":true,"href":"https:\/\/microscopemedia.com\/index.php?rest_route=%2Fwp%2Fv2%2Ftags&post=668103"}],"curies":[{"name":"wp","href":"https:\/\/api.w.org\/{rel}","templated":true}]}}