{"id":668115,"date":"2025-12-25T11:26:04","date_gmt":"2025-12-25T11:26:04","guid":{"rendered":"https:\/\/microscopemedia.com\/?p=668115"},"modified":"2025-12-25T11:26:04","modified_gmt":"2025-12-25T11:26:04","slug":"zelenski-ii-felicita-pe-ucraineni-cu-ocazia-celui-de-al-patrulea-craciun-in-razboi-dorinta-presedintelui-de-sarbatori","status":"publish","type":"post","link":"https:\/\/microscopemedia.com\/?p=668115","title":{"rendered":"Zelenski \u00eei felicit\u0103 pe ucraineni cu ocazia celui de-al patrulea Cr\u0103ciun \u00een r\u0103zboi. Dorin\u021ba pre\u0219edintelui de s\u0103rb\u0103tori"},"content":{"rendered":"<div><img decoding=\"async\" src=\"https:\/\/microscopemedia.com\/wp-content\/uploads\/2025\/12\/zelenski-ii-felicita-pe-ucraineni-cu-ocazia-celui-de-al-patrulea-craciun-in-razboi-dorinta-presedintelui-de-sarbatori.jpg\" class=\"ff-og-image-inserted\"><\/div>\n<p data-start=\"78\" data-end=\"420\" id=\"p-0\">Pre\u0219edintele Ucrainei, Volodimir Zelenski, a transmis miercuri un mesaj de Cr\u0103ciun c\u0103tre cet\u0103\u021beni, cu ocazia celui de-al patrulea an \u00een care aceast\u0103 s\u0103rb\u0103toare are loc pe timp de r\u0103zboi.<\/p>\n<p data-start=\"78\" data-end=\"420\" id=\"p-1\">Pre\u0219edintele ucrainean a vorbit \u00een urarea sa despre dorin\u021ba comun\u0103 de pace a ucrainenilor \u0219i despre nevoia \u00eentregii na\u021biuni ca aceasta s\u0103 devin\u0103 realitate c\u00e2t mai cur\u00e2nd.<\/p>\n<p data-start=\"422\" data-end=\"547\" id=\"p-2\">\u00cen discursul s\u0103u, Volodimir Zelenski a f\u0103cut referire la atacurile lansate de Rusia \u00een noaptea precedent\u0103, chiar \u00een Ajunul Cr\u0103ciunului.<\/p>\n<p data-start=\"549\" data-end=\"714\" id=\"p-3\">\u201e\u00cen Ajunul Cr\u0103ciunului, ru\u0219ii au ar\u0103tat \u00eenc\u0103 o dat\u0103 cine sunt cu adev\u0103rat. Bombardamente masive, sute de drone kamikaze, rachete balistice, rachete \u00abKinzhal\u00bb, totul\u201d, a spus el.<\/p>\n<p data-start=\"716\" data-end=\"817\" id=\"p-4\">El a condamnat aceste ac\u021biuni \u0219i a spus c\u0103 ele nu au leg\u0103tur\u0103 cu valorile cre\u0219tine sau cu umanitatea.<\/p>\n<p data-start=\"819\" data-end=\"911\" id=\"p-5\">\u201eA\u0219a ac\u021bioneaz\u0103 cei care nu au absolut nimic \u00een comun cu religia cre\u0219tin\u0103 sau cu nimic uman\u201d, a spus Zelenski.<\/p>\n<p data-start=\"913\" data-end=\"1062\" id=\"p-6\">Totu\u0219i, pre\u0219edintele ucrainean a declarat c\u0103 Rusia nu poate distruge spiritul poporului ucrainean, \u00een ciuda pierderilor \u0219i a suferin\u021bei provocate de conflict.<\/p>\n<p data-start=\"1064\" data-end=\"1209\" id=\"p-7\">\u201eNu este capabil\u0103 s\u0103 ocupe sau s\u0103 bombardeze cel mai important lucru: inima noastr\u0103 ucrainean\u0103, credin\u021ba noastr\u0103 unii \u00een al\u021bii, unitatea noastr\u0103\u201d, a spus acesta.<\/p>\n<p data-start=\"1448\" data-end=\"1571\" id=\"p-8\">Pre\u0219edintele a f\u0103cut aluzie \u00een discursul s\u0103u la toate familiile care sunt separate de cei dragi, fie pentru c\u0103 lupt\u0103 pe linia frontului, fie pentru c\u0103 sunt \u00een captivitate rus\u0103, au murit sau au fost str\u0103mutate de ocupa\u021bie.<\/p>\n<p data-start=\"1448\" data-end=\"1571\" id=\"p-9\">Zelenski a dat asigur\u0103ri c\u0103, \u00een ciuda suferin\u021bei, at\u00e2ta timp c\u00e2t ace\u0219ti oameni tr\u0103iesc \u00een inimile celor dragi \u0219i credin\u021ba \u0219i dorin\u021ba de a continua s\u0103 tr\u0103iasc\u0103 persist\u0103, r\u0103ul nu are nicio \u0219ans\u0103 s\u0103 \u00eenving\u0103.<\/p>\n<p data-start=\"1573\" data-end=\"1783\" id=\"p-10\">\u201eUcrainenii au crezut mult timp c\u0103 \u00een Ajunul Cr\u0103ciunului se deschid cerurile. \u0218i c\u0103, dac\u0103 le spui visul t\u0103u, acesta se va \u00eemplini cu siguran\u021b\u0103. Ast\u0103zi avem cu to\u021bii un vis. \u0218i ne facem o dorin\u021b\u0103 pentru fiecare\u201d, a spus pre\u0219edintele.<\/p>\n<p data-start=\"1840\" data-end=\"1983\" id=\"p-11\">\u201eCerem pace pentru Ucraina. Lupt\u0103m pentru ea. \u0218i ne rug\u0103m pentru ea. \u0218i o merit\u0103m. Pentru ca fiecare familie ucrainean\u0103 s\u0103 tr\u0103iasc\u0103 \u00een armonie\u201d<\/p>\n<p data-start=\"1985\" data-end=\"2169\" data-is-last-node data-is-only-node id=\"p-12\">Volodimir Zelenski a mai spus c\u0103 \u00ee\u0219i p\u0103streaz\u0103 speran\u021ba c\u0103 va veni ziua \u00een care ucrainenii se vor putea reuni cu cei dragi, \u00eentr-un prim Cr\u0103ciun tr\u0103it dup\u0103 \u00eencheierea r\u0103zboiului, \u00een lini\u0219te \u0219i pace.<\/p>\n","protected":false},"excerpt":{"rendered":"<p>Pre\u0219edintele Ucrainei, Volodimir Zelenski, a transmis miercuri un mesaj de Cr\u0103ciun c\u0103tre cet\u0103\u021beni, cu ocazia celui de-al patrulea an \u00een care aceast\u0103 s\u0103rb\u0103toare are loc pe timp de r\u0103zboi. Pre\u0219edintele &hellip; <a href=\"https:\/\/microscopemedia.com\/?p=668115\" class=\"more-link\">Read More<\/a><\/p>\n","protected":false},"author":1,"featured_media":668116,"comment_status":"closed","ping_status":"closed","sticky":false,"template":"Default","format":"standard","meta":[],"categories":[1],"tags":[],"_links":{"self":[{"href":"https:\/\/microscopemedia.com\/index.php?rest_route=\/wp\/v2\/posts\/668115"}],"collection":[{"href":"https:\/\/microscopemedia.com\/index.php?rest_route=\/wp\/v2\/posts"}],"about":[{"href":"https:\/\/microscopemedia.com\/index.php?rest_route=\/wp\/v2\/types\/post"}],"author":[{"embeddable":true,"href":"https:\/\/microscopemedia.com\/index.php?rest_route=\/wp\/v2\/users\/1"}],"replies":[{"embeddable":true,"href":"https:\/\/microscopemedia.com\/index.php?rest_route=%2Fwp%2Fv2%2Fcomments&post=668115"}],"version-history":[{"count":0,"href":"https:\/\/microscopemedia.com\/index.php?rest_route=\/wp\/v2\/posts\/668115\/revisions"}],"wp:featuredmedia":[{"embeddable":true,"href":"https:\/\/microscopemedia.com\/index.php?rest_route=\/wp\/v2\/media\/668116"}],"wp:attachment":[{"href":"https:\/\/microscopemedia.com\/index.php?rest_route=%2Fwp%2Fv2%2Fmedia&parent=668115"}],"wp:term":[{"taxonomy":"category","embeddable":true,"href":"https:\/\/microscopemedia.com\/index.php?rest_route=%2Fwp%2Fv2%2Fcategories&post=668115"},{"taxonomy":"post_tag","embeddable":true,"href":"https:\/\/microscopemedia.com\/index.php?rest_route=%2Fwp%2Fv2%2Ftags&post=668115"}],"curies":[{"name":"wp","href":"https:\/\/api.w.org\/{rel}","templated":true}]}}