{"id":668119,"date":"2025-12-25T12:06:04","date_gmt":"2025-12-25T12:06:04","guid":{"rendered":"https:\/\/microscopemedia.com\/?p=668119"},"modified":"2025-12-25T12:06:04","modified_gmt":"2025-12-25T12:06:04","slug":"david-popovici-printre-nominalizatii-pentru-cel-mai-bun-sportiv-din-balcani-2025","status":"publish","type":"post","link":"https:\/\/microscopemedia.com\/?p=668119","title":{"rendered":"David Popovici, printre nominaliza\u021bii pentru \u201eCel mai bun sportiv din Balcani 2025\u201d"},"content":{"rendered":"<div><img decoding=\"async\" src=\"https:\/\/microscopemedia.com\/wp-content\/uploads\/2025\/12\/david-popovici-printre-nominalizatii-pentru-cel-mai-bun-sportiv-din-balcani-2025.jpg\" class=\"ff-og-image-inserted\"><\/div>\n<p data-start=\"91\" data-end=\"241\" id=\"p-0\">\u00cenot\u0103torul rom\u00e2n David Popovici, dublu campion mondial, se afl\u0103 pe lista nominaliza\u021bilor pentru titlul de \u201eCel mai bun sportiv din Balcani \u00een 2025\u201d, scrie <a href=\"https:\/\/www.radioromania.ro\/sport\/david-popovici-nominalizat-pentru-titlul-de-cel-mai-bun-sportiv-din-balcani-in-2025-id138064.html\">Radio Rom\u00e2nia<\/a>.<\/p>\n<p data-start=\"243\" data-end=\"407\" id=\"p-1\">Premiul se acord\u0103 sportivilor care ob\u021bin performan\u021be deosebite \u00een cariera lor. Ceremonia de decernare a rezultatelor finale va avea loc pe 16 februarie, la Sofia.<\/p>\n<p data-start=\"409\" data-end=\"456\" id=\"p-2\">Lista celor 10 sportivi nominaliza\u021bi \u00eei include pe:<\/p>\n<ul data-start=\"457\" data-end=\"846\" readability=\"7\">\n<li data-start=\"457\" data-end=\"501\" readability=\"-1\">\n<p data-start=\"459\" data-end=\"501\" id=\"p-3\">Giannis Antetokounmpo (Grecia) \u2013 baschet<\/p>\n<\/li>\n<li data-start=\"502\" data-end=\"537\" readability=\"-1\">\n<p data-start=\"504\" data-end=\"537\" id=\"p-4\">Nikola Jokic (Serbia) \u2013 baschet<\/p>\n<\/li>\n<li data-start=\"538\" data-end=\"579\" readability=\"-1\">\n<p data-start=\"540\" data-end=\"579\" id=\"p-5\">Emmanouil Karalis (Grecia) \u2013 atletism<\/p>\n<\/li>\n<li data-start=\"580\" data-end=\"616\" readability=\"-1\">\n<p data-start=\"582\" data-end=\"616\" id=\"p-6\">Distria Krasniqi (Kosovo) \u2013 judo<\/p>\n<\/li>\n<li data-start=\"617\" data-end=\"651\" readability=\"-1\">\n<p data-start=\"619\" data-end=\"651\" id=\"p-7\">Zrinka Ljutic (Croa\u0163ia) \u2013 schi<\/p>\n<\/li>\n<li data-start=\"652\" data-end=\"689\" readability=\"-1\">\n<p data-start=\"654\" data-end=\"689\" id=\"p-8\">Karlos Nasar (Bulgaria) \u2013 haltere<\/p>\n<\/li>\n<li data-start=\"690\" data-end=\"731\" readability=\"-1\">\n<p data-start=\"692\" data-end=\"731\" id=\"p-9\">Aleksandar Nikolov (Bulgaria) \u2013 volei<\/p>\n<\/li>\n<li data-start=\"732\" data-end=\"772\" readability=\"-1\">\n<p data-start=\"734\" data-end=\"772\" id=\"p-10\">Stefanos Ntouskos (Grecia) \u2013 canotaj<\/p>\n<\/li>\n<li data-start=\"773\" data-end=\"808\" readability=\"-1\">\n<p data-start=\"775\" data-end=\"808\" id=\"p-11\">David Popovici (Rom\u00e2nia) \u2013 \u00eenot<\/p>\n<\/li>\n<li data-start=\"809\" data-end=\"846\" readability=\"-1\">\n<p data-start=\"811\" data-end=\"846\" id=\"p-12\">Alperen \u015eengun (Turcia) \u2013 baschet<\/p>\n<\/li>\n<\/ul>\n<div class=\"flex flex-col text-sm pb-25\">\n<article class=\"text-token-text-primary w-full focus:outline-none [--shadow-height:45px] has-data-writing-block:pointer-events-none has-data-writing-block:-mt-(--shadow-height) has-data-writing-block:pt-(--shadow-height) [&amp;:has([data-writing-block])>*]:pointer-events-auto scroll-mt-[calc(var(&#8211;header-height)+min(200px,max(70px,20svh)))]&#8221; dir=&#8221;auto&#8221; tabindex=&#8221;-1&#8243; data-turn-id=&#8221;request-WEB:f566deeb-eda9-4f65-a80f-020326bc8fab-11&#8243; data-testid=&#8221;conversation-turn-24&#8243; data-scroll-anchor=&#8221;true&#8221; data-turn=&#8221;assistant&#8221;><\/p>\n<div class=\"text-base my-auto mx-auto pb-10 [--thread-content-margin:--spacing(4)] @w-sm\/main:[--thread-content-margin:--spacing(6)] @w-lg\/main:[--thread-content-margin:--spacing(16)] px-(--thread-content-margin)\">\n<div class=\"[--thread-content-max-width:40rem] @w-lg\/main:[--thread-content-max-width:48rem] mx-auto max-w-(--thread-content-max-width) flex-1 group\/turn-messages focus-visible:outline-hidden relative flex w-full min-w-0 flex-col agent-turn\" tabindex=\"-1\">\n<div class=\"flex max-w-full flex-col grow\">\n<div class=\"min-h-8 text-message relative flex w-full flex-col items-end gap-2 text-start break-words whitespace-normal [.text-message+&amp;]:mt-1\" dir=\"auto\" data-message-author-role=\"assistant\" data-message-id=\"0fdf22c7-d669-4d9b-931f-c692017b94f1\" data-message-model-slug=\"gpt-5-mini\">\n<div class=\"flex w-full flex-col gap-1 empty:hidden first:pt-[1px]\" readability=\"11\">\n<div class=\"markdown prose dark:prose-invert w-full break-words light markdown-new-styling\" readability=\"17\">\n<p data-start=\"848\" data-end=\"1124\" data-is-last-node data-is-only-node id=\"p-13\">\u00cen cei 52 de ani de existen\u021b\u0103 ai acestui top, doar \u0219apte sportivi rom\u00e2ni au ajuns pe primul loc. Ace\u0219tia sunt: Nadia Com\u0103neci (1975, 1976, 1980), Daniela Siliva\u015f (1988), Paula Ivan (1989), Gabriela Szabo (1999), Marian Dr\u0103gulescu (2005), Constantina Di\u0163\u0103 (2008) \u0219i David Popovici (2022).<\/p>\n<\/div>\n<\/div>\n<\/div>\n<\/div>\n<\/div>\n<\/div>\n<\/article>\n<\/div>\n","protected":false},"excerpt":{"rendered":"<p>\u00cenot\u0103torul rom\u00e2n David Popovici, dublu campion mondial, se afl\u0103 pe lista nominaliza\u021bilor pentru titlul de \u201eCel mai bun sportiv din Balcani \u00een 2025\u201d, scrie Radio Rom\u00e2nia. Premiul se acord\u0103 sportivilor &hellip; <a href=\"https:\/\/microscopemedia.com\/?p=668119\" class=\"more-link\">Read More<\/a><\/p>\n","protected":false},"author":1,"featured_media":668120,"comment_status":"closed","ping_status":"closed","sticky":false,"template":"Default","format":"standard","meta":[],"categories":[1],"tags":[],"_links":{"self":[{"href":"https:\/\/microscopemedia.com\/index.php?rest_route=\/wp\/v2\/posts\/668119"}],"collection":[{"href":"https:\/\/microscopemedia.com\/index.php?rest_route=\/wp\/v2\/posts"}],"about":[{"href":"https:\/\/microscopemedia.com\/index.php?rest_route=\/wp\/v2\/types\/post"}],"author":[{"embeddable":true,"href":"https:\/\/microscopemedia.com\/index.php?rest_route=\/wp\/v2\/users\/1"}],"replies":[{"embeddable":true,"href":"https:\/\/microscopemedia.com\/index.php?rest_route=%2Fwp%2Fv2%2Fcomments&post=668119"}],"version-history":[{"count":0,"href":"https:\/\/microscopemedia.com\/index.php?rest_route=\/wp\/v2\/posts\/668119\/revisions"}],"wp:featuredmedia":[{"embeddable":true,"href":"https:\/\/microscopemedia.com\/index.php?rest_route=\/wp\/v2\/media\/668120"}],"wp:attachment":[{"href":"https:\/\/microscopemedia.com\/index.php?rest_route=%2Fwp%2Fv2%2Fmedia&parent=668119"}],"wp:term":[{"taxonomy":"category","embeddable":true,"href":"https:\/\/microscopemedia.com\/index.php?rest_route=%2Fwp%2Fv2%2Fcategories&post=668119"},{"taxonomy":"post_tag","embeddable":true,"href":"https:\/\/microscopemedia.com\/index.php?rest_route=%2Fwp%2Fv2%2Ftags&post=668119"}],"curies":[{"name":"wp","href":"https:\/\/api.w.org\/{rel}","templated":true}]}}