{"id":668121,"date":"2025-12-25T12:27:03","date_gmt":"2025-12-25T12:27:03","guid":{"rendered":"https:\/\/microscopemedia.com\/?p=668121"},"modified":"2025-12-25T12:27:03","modified_gmt":"2025-12-25T12:27:03","slug":"kremlin-vladimir-putin-i-a-urat-lui-donald-trump-un-craciun-fericit","status":"publish","type":"post","link":"https:\/\/microscopemedia.com\/?p=668121","title":{"rendered":"Kremlin: Vladimir Putin i-a urat lui Donald Trump un Cr\u0103ciun fericit"},"content":{"rendered":"<div><img decoding=\"async\" src=\"https:\/\/microscopemedia.com\/wp-content\/uploads\/2025\/12\/kremlin-vladimir-putin-i-a-urat-lui-donald-trump-un-craciun-fericit.jpg\" class=\"ff-og-image-inserted\"><\/div>\n<p data-start=\"0\" data-end=\"50\" id=\"p-0\">Pre\u0219edintele Rusiei, Vladimir Putin, i-a transmis pre\u0219edintelui american Donald Trump un mesaj de felicitare \u0219i i-a urat Cr\u0103ciun fericit, a declarat joi purt\u0103torul de cuv\u00e2nt al Kremlinului, Dmitri Peskov, potrivit Reuters.<\/p>\n<p data-start=\"0\" data-end=\"50\" id=\"p-1\">Dmitri Peskov a precizat c\u0103 nu este programat\u0103 nicio convorbire \u00eentre cei doi lideri joi.<\/p>\n<p data-start=\"0\" data-end=\"50\" id=\"p-2\">Tot ca urare de s\u0103rb\u0103tori, pre\u0219edintele Volodimir Zelenski a transmis miercuri un mesaj de Cr\u0103ciun \u00een care a condamnat atacurile ruse\u0219ti.<\/p>\n<p data-start=\"0\" data-end=\"50\" id=\"p-3\">\u00cen discursul s\u0103u, <a href=\"https:\/\/www.mediafax.ro\/social\/zelenski-ii-felicita-pe-ucraineni-cu-ocazia-celui-de-al-patrulea-craciun-in-razboi-dorinta-presedintelui-de-sarbatori-23663308\">Volodimir Zelenski<\/a> a f\u0103cut referire la atacurile lansate de Rusia \u00een noaptea precedent\u0103, chiar \u00een Ajunul Cr\u0103ciunului.<\/p>\n<p data-start=\"0\" data-end=\"50\" id=\"p-4\">\u201e\u00cen Ajunul Cr\u0103ciunului, ru\u0219ii au ar\u0103tat \u00eenc\u0103 o dat\u0103 cine sunt cu adev\u0103rat. Bombardamente masive, sute de drone kamikaze, rachete balistice, rachete \u00abKinzhal\u00bb, totul\u201d, a spus el.<\/p>\n<p data-start=\"52\" data-end=\"260\" id=\"p-5\">Zelenski a condamnat aceste ac\u021biuni \u0219i a spus c\u0103 ele nu au leg\u0103tur\u0103 cu valorile cre\u0219tine sau cu umanitatea.<\/p>\n","protected":false},"excerpt":{"rendered":"<p>Pre\u0219edintele Rusiei, Vladimir Putin, i-a transmis pre\u0219edintelui american Donald Trump un mesaj de felicitare \u0219i i-a urat Cr\u0103ciun fericit, a declarat joi purt\u0103torul de cuv\u00e2nt al Kremlinului, Dmitri Peskov, potrivit &hellip; <a href=\"https:\/\/microscopemedia.com\/?p=668121\" class=\"more-link\">Read More<\/a><\/p>\n","protected":false},"author":1,"featured_media":668122,"comment_status":"closed","ping_status":"closed","sticky":false,"template":"Default","format":"standard","meta":[],"categories":[1],"tags":[],"_links":{"self":[{"href":"https:\/\/microscopemedia.com\/index.php?rest_route=\/wp\/v2\/posts\/668121"}],"collection":[{"href":"https:\/\/microscopemedia.com\/index.php?rest_route=\/wp\/v2\/posts"}],"about":[{"href":"https:\/\/microscopemedia.com\/index.php?rest_route=\/wp\/v2\/types\/post"}],"author":[{"embeddable":true,"href":"https:\/\/microscopemedia.com\/index.php?rest_route=\/wp\/v2\/users\/1"}],"replies":[{"embeddable":true,"href":"https:\/\/microscopemedia.com\/index.php?rest_route=%2Fwp%2Fv2%2Fcomments&post=668121"}],"version-history":[{"count":0,"href":"https:\/\/microscopemedia.com\/index.php?rest_route=\/wp\/v2\/posts\/668121\/revisions"}],"wp:featuredmedia":[{"embeddable":true,"href":"https:\/\/microscopemedia.com\/index.php?rest_route=\/wp\/v2\/media\/668122"}],"wp:attachment":[{"href":"https:\/\/microscopemedia.com\/index.php?rest_route=%2Fwp%2Fv2%2Fmedia&parent=668121"}],"wp:term":[{"taxonomy":"category","embeddable":true,"href":"https:\/\/microscopemedia.com\/index.php?rest_route=%2Fwp%2Fv2%2Fcategories&post=668121"},{"taxonomy":"post_tag","embeddable":true,"href":"https:\/\/microscopemedia.com\/index.php?rest_route=%2Fwp%2Fv2%2Ftags&post=668121"}],"curies":[{"name":"wp","href":"https:\/\/api.w.org\/{rel}","templated":true}]}}