{"id":668127,"date":"2025-12-25T13:16:04","date_gmt":"2025-12-25T13:16:04","guid":{"rendered":"https:\/\/microscopemedia.com\/?p=668127"},"modified":"2025-12-25T13:16:04","modified_gmt":"2025-12-25T13:16:04","slug":"cat-curent-si-gaze-naturale-consuma-romanii-in-prima-zi-de-craciun-de-la-primele-ore-ale-ajunului-romania-este-exportator-net-de-energie","status":"publish","type":"post","link":"https:\/\/microscopemedia.com\/?p=668127","title":{"rendered":"C\u00e2t curent \u0219i gaze naturale consum\u0103 rom\u00e2nii \u00een prima zi de Cr\u0103ciun. De la primele ore ale Ajunului, Rom\u00e2nia este exportator net de energie"},"content":{"rendered":"<p id=\"p-0\">Consumul de energie electric\u0103 la ora la care rom\u00e2nii stau tradic\u021bional la masa de Cr\u0103ciun este cu aproximativ 2.000 MW mai mic dec\u00e2t \u00een urm\u0103 cu o s\u0103pt\u0103m\u00e2n\u0103, o zi lucr\u0103toare, \u0219i cu aproape 1.700 MW sub nivelul de s\u00e2mb\u0103ta trecut\u0103, o zi de weekend, \u00een care consumul scade \u00een mod obi\u0219nuit.<\/p>\n<p id=\"p-1\">Mai exact, \u00een jurul orei 13:30, rom\u00e2nii consumau 5.306 MW, \u00een timp ce produc\u021bia era de 7.108 MW, arat\u0103 datele \u00een timp real publicate de operatorul de sistem \u0219i transport al gazelor naturale, Transelectrica.<\/p>\n<p id=\"p-2\">Astfel, soldul de 1.802 MW mergea la export.<\/p>\n<div id=\"attachment_23663335\" class=\"wp-caption aligncenter\"><a href=\"https:\/\/www.mediafax.ro\/\/wp-content\/uploads\/2025\/12\/harta-curent.jpg\"><img aria-describedby=\"caption-attachment-23663335\" class=\"wp-image-23663335 size-full\" src=\"https:\/\/microscopemedia.com\/wp-content\/uploads\/2025\/12\/cat-curent-si-gaze-naturale-consuma-romanii-in-prima-zi-de-craciun-de-la-primele-ore-ale-ajunului-romania-este-exportator-net-de-energie.webp\" alt width=\"700\" height=\"445\" loading=\"lazy\" decoding=\"async\" srcset=\"https:\/\/microscopemedia.com\/wp-content\/uploads\/2025\/12\/cat-curent-si-gaze-naturale-consuma-romanii-in-prima-zi-de-craciun-de-la-primele-ore-ale-ajunului-romania-este-exportator-net-de-energie-4.webp 500w, https:\/\/microscopemedia.com\/wp-content\/uploads\/2025\/12\/cat-curent-si-gaze-naturale-consuma-romanii-in-prima-zi-de-craciun-de-la-primele-ore-ale-ajunului-romania-este-exportator-net-de-energie.webp 728w\"><\/a><\/p>\n<p id=\"caption-attachment-23663335\" class=\"wp-caption-text\">Sursa: Transelectrica<\/p>\n<\/div>\n<p id=\"p-3\">Resursa cu cel mai mare <a href=\"https:\/\/www.mediafax.ro\/economic\/cum-vor-evolua-consumul-si-productia-de-energie-electrica-in-romania-in-urmatorii-ani-estimarile-oficiale-ale-anre-23662979\">aport \u00een produc\u021bie<\/a> era v\u00e2ntul, a\u0219a cum au resim\u021bit rom\u00e2nii \u00een mari toat\u0103 \u021bara, cu 2.092 MW, respestiv 29,5%, urmat\u0103 de hidrocarburi 1.732 MW \u2013 24,4%, \u0219i nuclear 1.334 MW \u2013 18,7%.<\/p>\n<p id=\"p-4\">Spre deosebire de marea s\u0103rb\u0103toare cre\u0219tin\u0103 anterioar\u0103, Pa\u0219tele, cu o produc\u021bie major\u0103 din centralele fotovoltaice, aportul resursei solare este foarte mic \u00een prima zi de Cr\u0103ciun, respectiv 276 MW \u2013 3,8%.<\/p>\n<p id=\"p-5\">Graficele Transelectrica arat\u0103 c\u0103 produc\u021bia a dep\u0103\u0219it consumul \u00eencep\u00e2nd din data de 24 decembrie, \u00een jurul orei 00:30, iar de atunci, Rom\u00e2nia este exportator net de energie.<\/p>\n<div id=\"attachment_23663336\" class=\"wp-caption aligncenter\"><a href=\"https:\/\/www.mediafax.ro\/\/wp-content\/uploads\/2025\/12\/consum-curent-o-saptamana.jpg\"><img aria-describedby=\"caption-attachment-23663336\" class=\"wp-image-23663336 size-full\" src=\"https:\/\/microscopemedia.com\/wp-content\/uploads\/2025\/12\/cat-curent-si-gaze-naturale-consuma-romanii-in-prima-zi-de-craciun-de-la-primele-ore-ale-ajunului-romania-este-exportator-net-de-energie-1.webp\" alt width=\"700\" height=\"443\" loading=\"lazy\" decoding=\"async\" srcset=\"https:\/\/microscopemedia.com\/wp-content\/uploads\/2025\/12\/cat-curent-si-gaze-naturale-consuma-romanii-in-prima-zi-de-craciun-de-la-primele-ore-ale-ajunului-romania-este-exportator-net-de-energie-5.webp 500w, https:\/\/microscopemedia.com\/wp-content\/uploads\/2025\/12\/cat-curent-si-gaze-naturale-consuma-romanii-in-prima-zi-de-craciun-de-la-primele-ore-ale-ajunului-romania-este-exportator-net-de-energie-1.webp 728w\"><\/a><\/p>\n<p id=\"caption-attachment-23663336\" class=\"wp-caption-text\">Sursa: Transelectrica<\/p>\n<\/div>\n<h2 id=\"chapter-0\">C\u00e2te gaze au r\u0103mas \u00een depozite<\/h2>\n<p id=\"p-6\">\u00cen ceea ce prive\u0219te resursele de gaze naturale, la ora 13:00, acestea ajungeau la 57,1 milioane de metri cubi\/zi, conform graficelor publicate de operatorul na\u021bional de sistem \u0219i transport al gazelor naturale, Transgaz.<\/p>\n<p id=\"p-7\">Din acest total, produc\u021bia propriu zis\u0103 reprezint\u0103 de 23,9 mil. metri cubi\/zi, iar din depozitele constituite \u00eentre 1 aprilie \u0219i 1 noiembrie s-au extras 21,8 mil. metri cubi\/zi.<\/p>\n<p id=\"p-8\">La resurse sunt trecute \u0219i volumele care intr\u0103 \u00een \u021bar\u0103, numite importuri, dar care pot fi doar \u00een tranzit spre vecini ai Rom\u00e2niei.<\/p>\n<p id=\"p-9\">Astfel, datele Transgaz arat\u0103 c\u0103 importurile, prin Punctul de interconexiune (P)I Negru Vod\u0103 1, la ora 13.00 erau de 11,4 mil. metri cubi\/zi, iar exporturile, 11,6 mil. metri cubi\/zi. Destina\u021biile exporturilor erau la ora men\u021bionat\u0103 PI Isaccea1, Ungheni \u0219i Csanadpalota.<\/p>\n<div id=\"attachment_23663337\" class=\"wp-caption aligncenter\"><a href=\"https:\/\/www.mediafax.ro\/\/wp-content\/uploads\/2025\/12\/gaze-craciun-13.jpg\"><img aria-describedby=\"caption-attachment-23663337\" class=\"wp-image-23663337 size-full\" src=\"https:\/\/microscopemedia.com\/wp-content\/uploads\/2025\/12\/cat-curent-si-gaze-naturale-consuma-romanii-in-prima-zi-de-craciun-de-la-primele-ore-ale-ajunului-romania-este-exportator-net-de-energie-2.webp\" alt width=\"700\" height=\"549\" loading=\"lazy\" decoding=\"async\" srcset=\"https:\/\/microscopemedia.com\/wp-content\/uploads\/2025\/12\/cat-curent-si-gaze-naturale-consuma-romanii-in-prima-zi-de-craciun-de-la-primele-ore-ale-ajunului-romania-este-exportator-net-de-energie-6.webp 500w, https:\/\/microscopemedia.com\/wp-content\/uploads\/2025\/12\/cat-curent-si-gaze-naturale-consuma-romanii-in-prima-zi-de-craciun-de-la-primele-ore-ale-ajunului-romania-este-exportator-net-de-energie-2.webp 728w\"><\/a><\/p>\n<p id=\"caption-attachment-23663337\" class=\"wp-caption-text\">Sursa: Transgaz<\/p>\n<\/div>\n<p id=\"p-10\">La capitolul <a href=\"https:\/\/www.mediafax.ro\/economic\/cate-gaze-naturale-mai-are-romania-in-depozite-la-o-luna-si-jumatate-de-startul-sezonului-rece-suntem-pe-locul-4-in-ue-si-peste-media-europeana-23658699\">volume disponibile \u00een stocuri<\/a>, Rom\u00e2nia st\u0103 \u00eenc\u0103 foarte bune , cu peste trei sferturi din depozitele disponibile pline, conform celor mai recente date agregate la nivel european de platforma <a href=\"https:\/\/agsi.gie.eu\/\" target=\"_blank\" rel=\"noopener\">Gas Infrastructure Europe (GIE)<\/a>, valabile pentru 23 decembrie.<\/p>\n<p id=\"p-11\">Astfel, Rom\u00e2nia avea 78,88% din depozite dispobile, \u00een timp ce media european\u0103 era de 66,1%.<\/p>\n<div id=\"attachment_23663338\" class=\"wp-caption aligncenter\"><a href=\"https:\/\/www.mediafax.ro\/\/wp-content\/uploads\/2025\/12\/depozite-gie-23-dec.jpg\"><img aria-describedby=\"caption-attachment-23663338\" class=\"wp-image-23663338 size-full\" src=\"https:\/\/microscopemedia.com\/wp-content\/uploads\/2025\/12\/cat-curent-si-gaze-naturale-consuma-romanii-in-prima-zi-de-craciun-de-la-primele-ore-ale-ajunului-romania-este-exportator-net-de-energie-3.webp\" alt width=\"700\" height=\"310\" loading=\"lazy\" decoding=\"async\" srcset=\"https:\/\/microscopemedia.com\/wp-content\/uploads\/2025\/12\/cat-curent-si-gaze-naturale-consuma-romanii-in-prima-zi-de-craciun-de-la-primele-ore-ale-ajunului-romania-este-exportator-net-de-energie-7.webp 500w, https:\/\/microscopemedia.com\/wp-content\/uploads\/2025\/12\/cat-curent-si-gaze-naturale-consuma-romanii-in-prima-zi-de-craciun-de-la-primele-ore-ale-ajunului-romania-este-exportator-net-de-energie-3.webp 728w\"><\/a><\/p>\n<p id=\"caption-attachment-23663338\" class=\"wp-caption-text\">Sursa: GIE<\/p>\n<\/div>\n","protected":false},"excerpt":{"rendered":"<p>Consumul de energie electric\u0103 la ora la care rom\u00e2nii stau tradic\u021bional la masa de Cr\u0103ciun este cu aproximativ 2.000 MW mai mic dec\u00e2t \u00een urm\u0103 cu o s\u0103pt\u0103m\u00e2n\u0103, o zi &hellip; <a href=\"https:\/\/microscopemedia.com\/?p=668127\" class=\"more-link\">Read More<\/a><\/p>\n","protected":false},"author":1,"featured_media":668128,"comment_status":"closed","ping_status":"closed","sticky":false,"template":"Default","format":"standard","meta":[],"categories":[1],"tags":[],"_links":{"self":[{"href":"https:\/\/microscopemedia.com\/index.php?rest_route=\/wp\/v2\/posts\/668127"}],"collection":[{"href":"https:\/\/microscopemedia.com\/index.php?rest_route=\/wp\/v2\/posts"}],"about":[{"href":"https:\/\/microscopemedia.com\/index.php?rest_route=\/wp\/v2\/types\/post"}],"author":[{"embeddable":true,"href":"https:\/\/microscopemedia.com\/index.php?rest_route=\/wp\/v2\/users\/1"}],"replies":[{"embeddable":true,"href":"https:\/\/microscopemedia.com\/index.php?rest_route=%2Fwp%2Fv2%2Fcomments&post=668127"}],"version-history":[{"count":0,"href":"https:\/\/microscopemedia.com\/index.php?rest_route=\/wp\/v2\/posts\/668127\/revisions"}],"wp:featuredmedia":[{"embeddable":true,"href":"https:\/\/microscopemedia.com\/index.php?rest_route=\/wp\/v2\/media\/668128"}],"wp:attachment":[{"href":"https:\/\/microscopemedia.com\/index.php?rest_route=%2Fwp%2Fv2%2Fmedia&parent=668127"}],"wp:term":[{"taxonomy":"category","embeddable":true,"href":"https:\/\/microscopemedia.com\/index.php?rest_route=%2Fwp%2Fv2%2Fcategories&post=668127"},{"taxonomy":"post_tag","embeddable":true,"href":"https:\/\/microscopemedia.com\/index.php?rest_route=%2Fwp%2Fv2%2Ftags&post=668127"}],"curies":[{"name":"wp","href":"https:\/\/api.w.org\/{rel}","templated":true}]}}