{"id":668129,"date":"2025-12-25T13:26:04","date_gmt":"2025-12-25T13:26:04","guid":{"rendered":"https:\/\/microscopemedia.com\/?p=668129"},"modified":"2025-12-25T13:26:04","modified_gmt":"2025-12-25T13:26:04","slug":"turcia-aresteaza-115-suspecti-cu-legaturi-cu-gruparea-stat-islamic-planificau-atacuri-de-anul-nou","status":"publish","type":"post","link":"https:\/\/microscopemedia.com\/?p=668129","title":{"rendered":"Turcia aresteaz\u0103 115 suspec\u021bi cu leg\u0103turi cu gruparea Stat Islamic: \u201ePlanificau atacuri de Anul Nou\u201d"},"content":{"rendered":"<div><img decoding=\"async\" src=\"https:\/\/microscopemedia.com\/wp-content\/uploads\/2025\/12\/turcia-aresteaza-115-suspecti-cu-legaturi-cu-gruparea-stat-islamic-planificau-atacuri-de-anul-nou.jpg\" class=\"ff-og-image-inserted\"><\/div>\n<p id=\"p-0\">Peste 100 de membri suspec\u021bi c\u0103 ar avea leg\u0103turi cu gruparea Stat Islamic (IS) au fost aresta\u021bi joi, de autorit\u0103\u021bile turce, care anun\u021b\u0103 c\u0103 au dejucat atacurile planificate pentru evenimentele de Cr\u0103ciun \u0219i Anul Nou.<\/p>\n<p id=\"p-1\">\u00cen total, au fost efectuate raiduri \u00een mas\u0103 la 124 de adrese din Istanbul, potrivit procurorului \u0219ef al ora\u0219ului. \u00cen urma acestei ac\u021biuni, au fost confiscate arme de foc, muni\u021bie \u0219i \u201edocumente organiza\u021bionale\u201d, potrivit <a href=\"https:\/\/www.reuters.com\/world\/middle-east\/turkey-detains-115-suspected-islamic-state-members-believed-planning-attacks-2025-12-25\/\" target=\"_blank\" rel=\"noopener\">Reuters<\/a>.<\/p>\n<p id=\"p-2\">Oficialii turci au declarat c\u0103 sus\u021bin\u0103torii grup\u0103rii planificaser\u0103 \u00een mod activ atacuri \u00een toat\u0103 Turcia \u00een aceast\u0103 s\u0103pt\u0103m\u00e2n\u0103, \u00een special \u00eempotriva non-musulmanilor<\/p>\n<p id=\"p-3\">\u00cen acest sens, poli\u021bi\u0219tii turci au arestat 115 suspec\u021bi \u0219i anun\u021b\u0103 c\u0103 vor continua eforturile de a-i g\u0103si pe ceilal\u021bi 22.<\/p>\n<p id=\"p-4\">Procuratura a declarat c\u0103 suspec\u021bii erau \u00een contact cu agen\u021bi IS din afara Turciei, noteaz\u0103 <span><a href=\"https:\/\/www.bbc.com\/news\/articles\/cn98w93l8plo\" target=\"_blank\" rel=\"noopener\">BBC<\/a><\/span>.<\/p>\n<p id=\"p-5\">Arestarea are loc la dou\u0103 zile&nbsp;ce agen\u021bii serviciilor secrete turce au efectuat o razie \u00eempotriva grupului la grani\u021ba dintre Afganistan \u0219i Pakistan.<\/p>\n<p id=\"p-6\">Serviciile de securitate turce \u021bintesc \u00een mod regulat persoane suspectate de leg\u0103turi cu gruparea Stat Islamic.<\/p>\n<p id=\"p-7\">\u021aara are o frontier\u0103 de 900 de kilometri cu Siria, unde grupul continu\u0103 s\u0103 opereze \u00een anumite p\u0103r\u021bi ale \u021b\u0103rii.<\/p>\n","protected":false},"excerpt":{"rendered":"<p>Peste 100 de membri suspec\u021bi c\u0103 ar avea leg\u0103turi cu gruparea Stat Islamic (IS) au fost aresta\u021bi joi, de autorit\u0103\u021bile turce, care anun\u021b\u0103 c\u0103 au dejucat atacurile planificate pentru evenimentele &hellip; <a href=\"https:\/\/microscopemedia.com\/?p=668129\" class=\"more-link\">Read More<\/a><\/p>\n","protected":false},"author":1,"featured_media":668130,"comment_status":"closed","ping_status":"closed","sticky":false,"template":"Default","format":"standard","meta":[],"categories":[1],"tags":[],"_links":{"self":[{"href":"https:\/\/microscopemedia.com\/index.php?rest_route=\/wp\/v2\/posts\/668129"}],"collection":[{"href":"https:\/\/microscopemedia.com\/index.php?rest_route=\/wp\/v2\/posts"}],"about":[{"href":"https:\/\/microscopemedia.com\/index.php?rest_route=\/wp\/v2\/types\/post"}],"author":[{"embeddable":true,"href":"https:\/\/microscopemedia.com\/index.php?rest_route=\/wp\/v2\/users\/1"}],"replies":[{"embeddable":true,"href":"https:\/\/microscopemedia.com\/index.php?rest_route=%2Fwp%2Fv2%2Fcomments&post=668129"}],"version-history":[{"count":0,"href":"https:\/\/microscopemedia.com\/index.php?rest_route=\/wp\/v2\/posts\/668129\/revisions"}],"wp:featuredmedia":[{"embeddable":true,"href":"https:\/\/microscopemedia.com\/index.php?rest_route=\/wp\/v2\/media\/668130"}],"wp:attachment":[{"href":"https:\/\/microscopemedia.com\/index.php?rest_route=%2Fwp%2Fv2%2Fmedia&parent=668129"}],"wp:term":[{"taxonomy":"category","embeddable":true,"href":"https:\/\/microscopemedia.com\/index.php?rest_route=%2Fwp%2Fv2%2Fcategories&post=668129"},{"taxonomy":"post_tag","embeddable":true,"href":"https:\/\/microscopemedia.com\/index.php?rest_route=%2Fwp%2Fv2%2Ftags&post=668129"}],"curies":[{"name":"wp","href":"https:\/\/api.w.org\/{rel}","templated":true}]}}