{"id":668133,"date":"2025-12-25T13:56:04","date_gmt":"2025-12-25T13:56:04","guid":{"rendered":"https:\/\/microscopemedia.com\/?p=668133"},"modified":"2025-12-25T13:56:04","modified_gmt":"2025-12-25T13:56:04","slug":"papa-leon-al-xiv-lea-face-apel-la-incetarea-conflictelor-din-intreaga-lume-in-primul-sau-discurs-de-craciun","status":"publish","type":"post","link":"https:\/\/microscopemedia.com\/?p=668133","title":{"rendered":"Papa Leon al XIV-lea face apel la \u00eencetarea conflictelor din \u00eentreaga lume \u00een primul s\u0103u discurs de Cr\u0103ciun"},"content":{"rendered":"<div><img decoding=\"async\" src=\"https:\/\/microscopemedia.com\/wp-content\/uploads\/2025\/12\/papa-leon-al-xiv-lea-face-apel-la-incetarea-conflictelor-din-intreaga-lume-in-primul-sau-discurs-de-craciun.jpg\" class=\"ff-og-image-inserted\"><\/div>\n<p id=\"p-0\">\u00cen primul s\u0103u discurs de Cr\u0103ciun, Papa Leon al XIV-lea a \u00eendemnat <span><a href=\"https:\/\/www.mediafax.ro\/externe\/papa-leon-al-xiv-lea-nou-apel-la-armistitiu-de-craciun-in-ucraina-ma-intristeaza-refuzul-rusiei-23662919\">Ucraina \u0219i Rusia<\/a><\/span> s\u0103 g\u0103seasc\u0103 \u201ecurajul\u201d de a purta discu\u021bii directe pentru a pune cap\u0103t r\u0103zboiului.<\/p>\n<p id=\"p-1\">Adres\u00e2ndu-se mul\u021bimii adunate \u00een Pia\u021ba Sf\u00e2ntul Petru din Vatican, Papa a f\u0103cut apel \u201eca zgomotul armelor s\u0103 \u00eenceteze \u0219i fie ca p\u0103r\u021bile implicate, cu sprijinul \u0219i angajamentul comunit\u0103\u021bii interna\u021bionale, s\u0103 g\u0103seasc\u0103 curajul de a se angaja \u00eentr-un dialog sincer, direct \u0219i respectuos\u201d, noteaz\u0103 <a href=\"https:\/\/www.bbc.com\/news\/articles\/cm21728nwxlo\" target=\"_blank\" rel=\"noopener\">BBC<\/a>.<\/p>\n<p id=\"p-2\">Suveranul Pontif a mai condamnat \u201eabsurditatea\u201d r\u0103zboiului \u0219i \u201eruinele \u0219i r\u0103nile deschise\u201d pe care acesta le las\u0103 \u00een urm\u0103 \u0219i a f\u0103cut apel la \u201esolidaritate \u0219i acceptare fa\u021b\u0103 de cei afla\u021bi \u00een nevoie\u201d \u00een Europa.<\/p>\n<p id=\"p-3\">\u201eS\u0103 ne rug\u0103m \u00een mod special pentru poporul chinuit al Ucrainei\u201d, a spus el, potrivit <span><a href=\"https:\/\/www.france24.com\/en\/europe\/20251225-pope-leo-to-renew-call-for-peace-during-first-urbi-et-orbi-christmas-blessing\" target=\"_blank\" rel=\"noopener\">France24<\/a><\/span>.<\/p>\n<p id=\"p-4\">Apelul s\u0103u din prima zi de Cr\u0103ciun vine \u00een contextul continu\u0103rii negocierilor conduse de SUA pentru \u00eencheierea conflictului.<\/p>\n<h2 id=\"chapter-0\">Papa Leon face apel la \u00eencheierea conflictelor<\/h2>\n<p id=\"p-5\">\u00cen cadrul discursului Urbi et Orbi, care este tradi\u021bional rostit de pontif \u00een ziua de Cr\u0103ciun \u00een fa\u021ba credincio\u0219ilor aduna\u021bi \u00een Ora\u0219ul Vatican, el a condamnat tulbur\u0103rile \u0219i conflictele care afecteaz\u0103 \u0219i alte p\u0103r\u021bi ale lumii, inclusiv Thailanda \u0219i Cambodgia.<\/p>\n<p id=\"p-6\">El a cerut ca \u201eprietenia veche\u201d dintre cele dou\u0103 \u021b\u0103ri s\u0103 fie restabilit\u0103 \u0219i \u201es\u0103 se lucreze \u00een direc\u021bia reconcilierii \u0219i a p\u0103cii\u201d.<\/p>\n<p id=\"p-7\">Suveranul Pontif a mai vorbit \u0219i despre condi\u021biile sumbre din Gaza, unde sute de mii de oameni \u00eenc\u0103 tr\u0103iesc \u00een ad\u0103posturi temporare \u00een condi\u021bii de iarn\u0103, \u00een contextul unui armisti\u021biu fragil intrat \u00een vigoare \u00een urm\u0103 cu c\u00e2teva s\u0103pt\u0103m\u00e2ni.<\/p>\n<p id=\"p-8\">\u201eCum\u2026 s\u0103 nu ne g\u00e2ndim la corturile din Gaza, expuse de s\u0103pt\u0103m\u00e2ni \u00eentregi la ploaie, v\u00e2nt \u0219i frig\u201d, a spus Papa, ad\u0103ug\u00e2nd c\u0103 locuitorii teritoriului \u201enu mai au nimic \u0219i au pierdut totul\u201d.<\/p>\n","protected":false},"excerpt":{"rendered":"<p>\u00cen primul s\u0103u discurs de Cr\u0103ciun, Papa Leon al XIV-lea a \u00eendemnat Ucraina \u0219i Rusia s\u0103 g\u0103seasc\u0103 \u201ecurajul\u201d de a purta discu\u021bii directe pentru a pune cap\u0103t r\u0103zboiului. Adres\u00e2ndu-se mul\u021bimii &hellip; <a href=\"https:\/\/microscopemedia.com\/?p=668133\" class=\"more-link\">Read More<\/a><\/p>\n","protected":false},"author":1,"featured_media":668134,"comment_status":"closed","ping_status":"closed","sticky":false,"template":"Default","format":"standard","meta":[],"categories":[1],"tags":[],"_links":{"self":[{"href":"https:\/\/microscopemedia.com\/index.php?rest_route=\/wp\/v2\/posts\/668133"}],"collection":[{"href":"https:\/\/microscopemedia.com\/index.php?rest_route=\/wp\/v2\/posts"}],"about":[{"href":"https:\/\/microscopemedia.com\/index.php?rest_route=\/wp\/v2\/types\/post"}],"author":[{"embeddable":true,"href":"https:\/\/microscopemedia.com\/index.php?rest_route=\/wp\/v2\/users\/1"}],"replies":[{"embeddable":true,"href":"https:\/\/microscopemedia.com\/index.php?rest_route=%2Fwp%2Fv2%2Fcomments&post=668133"}],"version-history":[{"count":0,"href":"https:\/\/microscopemedia.com\/index.php?rest_route=\/wp\/v2\/posts\/668133\/revisions"}],"wp:featuredmedia":[{"embeddable":true,"href":"https:\/\/microscopemedia.com\/index.php?rest_route=\/wp\/v2\/media\/668134"}],"wp:attachment":[{"href":"https:\/\/microscopemedia.com\/index.php?rest_route=%2Fwp%2Fv2%2Fmedia&parent=668133"}],"wp:term":[{"taxonomy":"category","embeddable":true,"href":"https:\/\/microscopemedia.com\/index.php?rest_route=%2Fwp%2Fv2%2Fcategories&post=668133"},{"taxonomy":"post_tag","embeddable":true,"href":"https:\/\/microscopemedia.com\/index.php?rest_route=%2Fwp%2Fv2%2Ftags&post=668133"}],"curies":[{"name":"wp","href":"https:\/\/api.w.org\/{rel}","templated":true}]}}