{"id":668137,"date":"2025-12-25T14:16:04","date_gmt":"2025-12-25T14:16:04","guid":{"rendered":"https:\/\/microscopemedia.com\/?p=668137"},"modified":"2025-12-25T14:16:04","modified_gmt":"2025-12-25T14:16:04","slug":"update-omor-in-ajun-de-craciun-in-sibiu","status":"publish","type":"post","link":"https:\/\/microscopemedia.com\/?p=668137","title":{"rendered":"UPDATE: Omor \u00een Ajun de Cr\u0103ciun \u00een Sibiu"},"content":{"rendered":"<div><img decoding=\"async\" src=\"https:\/\/microscopemedia.com\/wp-content\/uploads\/2025\/12\/update-omor-in-ajun-de-craciun-in-sibiu.jpg\" class=\"ff-og-image-inserted\"><\/div>\n<h2 id=\"chapter-0\">UPDATE, ora 14.23:<\/h2>\n<p id=\"p-0\">Potrivit procurorilor Parchetului de pe l\u00e2ng\u0103 Tribunalul Sibiu, \u00een conflictul din Bl\u0103jel, \u00een urma c\u0103ruia un b\u0103rbat de 36 de ani a fost ucis, au fost implicate cel pu\u021bin 20 de persoane.<\/p>\n<p id=\"p-1\">Scandalul a izbucnit pe strad\u0103.<\/p>\n<p id=\"p-2\">\u201e\u00cen cadrul acestui conflict, victima, o persoan\u0103 \u00een v\u00e2rst\u0103 de 36 ani a fost agresat cu diverse corpuri contondente \u00een zona capului \u0219i a corpului de patru autori \u00een v\u00e2rst\u0103 de 14, 33, 27 \u0219i 18 ani. \u00cen urma loviturilor primite, victima a decedat. \u00cen cauz\u0103 s-a dispus efectuarea \u00een continuare a urm\u0103ririi penale fa\u021b\u0103 de cei patru autori pentru s\u0103v\u00e2r\u0219irea infrac\u021biunilor de omor \u0219i tulburarea ordinii \u0219i lini\u0219tii publice \u0219i fa\u021b\u0103 de alte \u0219ase persoane pentru s\u0103v\u00e2r\u0219irea infrac\u021biunii de tulburare a ordinii \u0219i lini\u0219tii publice\u201d, transmite Parchetul de pe l\u00e2ng\u0103 Tribunalul Sibiu.<\/p>\n<p id=\"p-3\">Cercet\u0103rile se efectueaz\u0103 \u00een continuare de c\u0103tre procuroul de caz din cadrul Parchetului de pe l\u00e2ng\u0103 Tribunalul Sibiu, cu sprijinul I.P.J. Sibiu \u2013 Serviciul de Investiga\u021bii Criminale.<\/p>\n<h2 id=\"chapter-1\">\u0218tire ini\u021bial\u0103, ora 13.48<\/h2>\n<p id=\"p-4\">Ambulan\u021ba Sibiu a intervenit de urgen\u021b\u0103 \u00een noaptea de miercuri spre joi, \u00een jurul orelor 23:40, cu dou\u0103 echipaje de tip B, \u00een localitatea Bl\u0103jel, pentru acordarea primului ajutor unei persoane agresat\u0103.<\/p>\n<p id=\"p-5\">B\u0103rbatul de 36 de ani a fost b\u0103tut \u00een urma unui conflict \u00eentre mai multe persoane.<\/p>\n<p id=\"p-6\">La sosirea echipajelor de Ambulan\u021b\u0103, b\u0103rbatul se afla \u00een stop cardio-respirator \u0219i s-au \u00eenceput manevrele de resuscitare.<\/p>\n<p id=\"p-7\">Dup\u0103 o resuscitare care a durat 65 de minute, din pacate s-a declarat decesul, b\u0103rbatul ner\u0103spunz\u00e2nd manevrelor aplicate.<\/p>\n<p id=\"p-8\">Poli\u021bi\u0219tii \u0219i procurorii fac cercet\u0103ri \u00een acest caz.<\/p>\n","protected":false},"excerpt":{"rendered":"<p>UPDATE, ora 14.23: Potrivit procurorilor Parchetului de pe l\u00e2ng\u0103 Tribunalul Sibiu, \u00een conflictul din Bl\u0103jel, \u00een urma c\u0103ruia un b\u0103rbat de 36 de ani a fost ucis, au fost implicate &hellip; <a href=\"https:\/\/microscopemedia.com\/?p=668137\" class=\"more-link\">Read More<\/a><\/p>\n","protected":false},"author":1,"featured_media":668138,"comment_status":"closed","ping_status":"closed","sticky":false,"template":"Default","format":"standard","meta":[],"categories":[1],"tags":[],"_links":{"self":[{"href":"https:\/\/microscopemedia.com\/index.php?rest_route=\/wp\/v2\/posts\/668137"}],"collection":[{"href":"https:\/\/microscopemedia.com\/index.php?rest_route=\/wp\/v2\/posts"}],"about":[{"href":"https:\/\/microscopemedia.com\/index.php?rest_route=\/wp\/v2\/types\/post"}],"author":[{"embeddable":true,"href":"https:\/\/microscopemedia.com\/index.php?rest_route=\/wp\/v2\/users\/1"}],"replies":[{"embeddable":true,"href":"https:\/\/microscopemedia.com\/index.php?rest_route=%2Fwp%2Fv2%2Fcomments&post=668137"}],"version-history":[{"count":0,"href":"https:\/\/microscopemedia.com\/index.php?rest_route=\/wp\/v2\/posts\/668137\/revisions"}],"wp:featuredmedia":[{"embeddable":true,"href":"https:\/\/microscopemedia.com\/index.php?rest_route=\/wp\/v2\/media\/668138"}],"wp:attachment":[{"href":"https:\/\/microscopemedia.com\/index.php?rest_route=%2Fwp%2Fv2%2Fmedia&parent=668137"}],"wp:term":[{"taxonomy":"category","embeddable":true,"href":"https:\/\/microscopemedia.com\/index.php?rest_route=%2Fwp%2Fv2%2Fcategories&post=668137"},{"taxonomy":"post_tag","embeddable":true,"href":"https:\/\/microscopemedia.com\/index.php?rest_route=%2Fwp%2Fv2%2Ftags&post=668137"}],"curies":[{"name":"wp","href":"https:\/\/api.w.org\/{rel}","templated":true}]}}