{"id":668143,"date":"2025-12-25T15:06:05","date_gmt":"2025-12-25T15:06:05","guid":{"rendered":"https:\/\/microscopemedia.com\/?p=668143"},"modified":"2025-12-25T15:06:05","modified_gmt":"2025-12-25T15:06:05","slug":"doliu-in-muzica-populara-romaneasca-ion-dragan-a-murit-in-ziua-de-craciun-la-54-de-ani-artistul-ar-fi-fost-gasit-fara-suflare-de-tatal-sau","status":"publish","type":"post","link":"https:\/\/microscopemedia.com\/?p=668143","title":{"rendered":"Doliu \u00een muzica popular\u0103 rom\u00e2neasc\u0103: Ion Dr\u0103gan a murit \u00een ziua de Cr\u0103ciun, la 54 de ani. Artistul ar fi fost g\u0103sit f\u0103r\u0103 suflare de tat\u0103l s\u0103u"},"content":{"rendered":"<div><img decoding=\"async\" src=\"https:\/\/microscopemedia.com\/wp-content\/uploads\/2025\/12\/doliu-in-muzica-populara-romaneasca-ion-dragan-a-murit-in-ziua-de-craciun-la-54-de-ani-artistul-ar-fi-fost-gasit-fara-suflare-de-tatal-sau.jpg\" class=\"ff-og-image-inserted\"><\/div>\n<p id=\"p-0\"><span data-contrast=\"auto\">Ion Dr\u0103gan a murit chiar dup\u0103 ce ar fi fost colindat. Mai mult, primele informa\u021bii arat\u0103 c\u0103 tat\u0103l lui <a href=\"https:\/\/www.cancan.ro\/s-au-implinit-4-ani-de-la-moartea-lui-petrica-matu-stoian-familia-slujba-speciala-la-mormant-21294270\" target=\"_blank\" rel=\"noopener\">l-ar fi g\u0103sit f\u0103r\u0103 suflare<\/a> \u00een cas\u0103, potrivit <a href=\"https:\/\/www.cancan.ro\/doliu-in-lumea-muzicii-ion-dragan-a-murit-in-noaptea-de-craciun-21332508\" target=\"_blank\" rel=\"noopener\">Cancan<\/a>.<\/span><\/p>\n<p id=\"p-1\"><span data-contrast=\"auto\"> Centrul Jude\u021bean pentru Conservarea \u0219i Promovarea Culturii Tradi\u021bionale Gorj a&nbsp;transmis un mesaj:<\/span><\/p>\n<p id=\"p-2\"><span data-contrast=\"auto\">\u201e\u00cen cei 25 de ani dedica\u021bi c\u00e2ntecului popular rom\u00e2nesc, Ion Dr\u0103gan nu a alergat dup\u0103 glorie, ci a dorit, mai presus de toate, s\u0103 c\u00e2\u0219tige dragostea \u0219i respectul publicului. Din p\u0103cate, cunoscutul interpret de muzic\u0103 popular\u0103 s-a stins din via\u021b\u0103 \u00een prima zi de Cr\u0103ciun, l\u0103s\u00e2nd \u00een urm\u0103 un gol profund \u00een sufletele celor care l-au cunoscut \u0219i apreciat.<\/span><span data-contrast=\"auto\">Muzica popular\u0103 rom\u00e2neasc\u0103 a pierdut un mare nume, un artist dedicat \u0219i un om care a tr\u0103it prin \u0219i pentru c\u00e2ntec. Transmitem sincere condolean\u021be familiei \u00eendoliate \u0219i tuturor celor care l-au pre\u021buit. Dumnezeu s\u0103-l odihneasc\u0103 \u00een pace\u201d.<\/span><\/p>\n<div class=\"mg-bottom-20\" data-id=\"zone 1\" readability=\"6\">\n<div class=\"strawberry-ads-manager-container strawberry-ads height-250\" data-banner=\"under_photo_750x300_320x100\" readability=\"7\">\n<p><h2 id=\"chapter-0\">Ion Dr\u0103gan a murit \u00een ziua de Cr\u0103ciun<\/h2>\n<\/p>\n<\/div>\n<\/div>\n<p id=\"p-3\"><span data-contrast=\"auto\">Ion Dr\u0103gan a decedat \u00een propria locuin\u021b\u0103 dup\u0103 ce, \u00een noaptea de Cr\u0103ciun, vorbise la telefon cu dirijorul orchestrei Ansamblului Profesionist Doina Gorjului. Vestea trist\u0103 a \u0219ocat comunitatea din Oltenia, chiar \u00een ziua de Cr\u0103ciun. Pe re\u021belele de socializare au \u00eenceput s\u0103 curg\u0103 mesaje de r\u0103mas-bun de la fani:<\/span><\/p>\n<p id=\"p-4\"><span data-contrast=\"auto\">\u201eNu pot s\u0103 cred a\u0219a ceva.. Dr\u0103gan Ion,&nbsp;Draganelu\u2019 spune ca nu-i adev\u0103rat!\u201d<\/span><span data-ccp-props=\"{\">&nbsp;<\/span><\/p>\n<p id=\"p-5\"><span data-contrast=\"auto\">\u201eDumnezeu s\u0103-l odihneasc\u0103 \u00een pace. Amintirea lui va r\u0103m\u00e2ne vie. Sincere condolean\u021be familiei \u00eendurerate\u201d<\/span><span data-ccp-props=\"{\">&nbsp;<\/span><\/p>\n<p id=\"p-6\"><span data-contrast=\"auto\">\u201eDe necrezut!!!! Nu \u00eemi vine s\u0103 cred! Nana Ion! Drum lin!!! Nu te voi uita!\u201d, au fost unele dintre comentarii.<\/span><span data-ccp-props=\"{\">&nbsp;<\/span><\/p>\n","protected":false},"excerpt":{"rendered":"<p>Ion Dr\u0103gan a murit chiar dup\u0103 ce ar fi fost colindat. Mai mult, primele informa\u021bii arat\u0103 c\u0103 tat\u0103l lui l-ar fi g\u0103sit f\u0103r\u0103 suflare \u00een cas\u0103, potrivit Cancan. Centrul Jude\u021bean &hellip; <a href=\"https:\/\/microscopemedia.com\/?p=668143\" class=\"more-link\">Read More<\/a><\/p>\n","protected":false},"author":1,"featured_media":668144,"comment_status":"closed","ping_status":"closed","sticky":false,"template":"Default","format":"standard","meta":[],"categories":[1],"tags":[],"_links":{"self":[{"href":"https:\/\/microscopemedia.com\/index.php?rest_route=\/wp\/v2\/posts\/668143"}],"collection":[{"href":"https:\/\/microscopemedia.com\/index.php?rest_route=\/wp\/v2\/posts"}],"about":[{"href":"https:\/\/microscopemedia.com\/index.php?rest_route=\/wp\/v2\/types\/post"}],"author":[{"embeddable":true,"href":"https:\/\/microscopemedia.com\/index.php?rest_route=\/wp\/v2\/users\/1"}],"replies":[{"embeddable":true,"href":"https:\/\/microscopemedia.com\/index.php?rest_route=%2Fwp%2Fv2%2Fcomments&post=668143"}],"version-history":[{"count":0,"href":"https:\/\/microscopemedia.com\/index.php?rest_route=\/wp\/v2\/posts\/668143\/revisions"}],"wp:featuredmedia":[{"embeddable":true,"href":"https:\/\/microscopemedia.com\/index.php?rest_route=\/wp\/v2\/media\/668144"}],"wp:attachment":[{"href":"https:\/\/microscopemedia.com\/index.php?rest_route=%2Fwp%2Fv2%2Fmedia&parent=668143"}],"wp:term":[{"taxonomy":"category","embeddable":true,"href":"https:\/\/microscopemedia.com\/index.php?rest_route=%2Fwp%2Fv2%2Fcategories&post=668143"},{"taxonomy":"post_tag","embeddable":true,"href":"https:\/\/microscopemedia.com\/index.php?rest_route=%2Fwp%2Fv2%2Ftags&post=668143"}],"curies":[{"name":"wp","href":"https:\/\/api.w.org\/{rel}","templated":true}]}}