{"id":668151,"date":"2025-12-25T15:56:05","date_gmt":"2025-12-25T15:56:05","guid":{"rendered":"https:\/\/microscopemedia.com\/?p=668151"},"modified":"2025-12-25T15:56:05","modified_gmt":"2025-12-25T15:56:05","slug":"zelenski-a-vorbit-cu-patriarhul-ecumenic-bartolomeu-i-in-timpul-unor-atacuri-rusesti-avem-de-a-face-cu-barbari-care-nici-macar-nu-cred-in-dumnezeu","status":"publish","type":"post","link":"https:\/\/microscopemedia.com\/?p=668151","title":{"rendered":"Zelenski a vorbit cu Patriarhul Ecumenic Bartolomeu I, \u00een timpul unor atacuri ruse\u0219ti: \u201eAvem de-a face cu barbari care nici m\u0103car nu cred \u00een Dumnezeu\u201d"},"content":{"rendered":"<div><img decoding=\"async\" src=\"https:\/\/microscopemedia.com\/wp-content\/uploads\/2025\/12\/zelenski-a-vorbit-cu-patriarhul-ecumenic-bartolomeu-i-in-timpul-unor-atacuri-rusesti-avem-de-a-face-cu-barbari-care-nici-macar-nu-cred-in-dumnezeu.jpg\" class=\"ff-og-image-inserted\"><\/div>\n<p id=\"p-0\">Volodimir Zelenski \u0219i Patriarhul Ecumenic Bartolomeu I au avut o conversa\u021bie \u00een prima zi de Cr\u0103ciun, \u00een cadrul c\u0103reia liderul de la Kiev i-a mul\u021bumit acestuia pentru ur\u0103rile adresate popula\u021biei ucrainene.<\/p>\n<p id=\"p-1\">Zelenski a men\u021bionat c\u0103 inclusiv \u00een timpul conversa\u021biei avute cu Patriarhul Ecumenic Bartolomeu, ru\u0219ii au lansat atacuri \u00een Cernihiv.<\/p>\n<p id=\"p-2\">\u201eAst\u0103zi, \u00een timpul zilei, trupele ruse atac\u0103 din nou ora\u0219ele din estul \u021b\u0103rii noastre, iar \u00een Cernihiv, chiar \u00een momentul conversa\u021biei noastre cu Patriarhul, se acorda ajutor persoanelor r\u0103nite de o dron\u0103 rus\u0103 care a lovit o cl\u0103dire reziden\u021bial\u0103 obi\u0219nuit\u0103\u201d, a scris Zelenski, \u00eentr-o postare pe pagina sa de Facebook.<\/p>\n<p id=\"p-3\">Liderul ucrainean a lansat critici la adresa Rusiei pentru atacurile comise inclusiv \u00een ziua de Cr\u0103ciun.<\/p>\n<p id=\"p-4\">(\u2026) Din p\u0103cate, avem de-a face cu barbari care, \u00een cele din urm\u0103, nici m\u0103car nu cred \u00een Dumnezeu. Asta a devenit Rusia \u2013 \u0219i nu \u00eei este deloc ru\u0219ine de asta. Dimpotriv\u0103, \u00eencearc\u0103 s\u0103 transforme setea lor de a ucide \u00een fundamentul m\u00e2ndriei na\u021bionale \u00een Rusia. Vom continua s\u0103 combatem r\u0103zboiul \u0219i agresiunea Rusiei \u00een toate modurile posibile, ap\u0103r\u00e2nd vie\u021bile noastre, vie\u021bile ucrainienilor \u0219i vie\u021bile tuturor oamenilor care sufer\u0103 din cauza acestui r\u0103zboi care \u00eenc\u0103 continu\u0103\u201d, a spus Zelenski.<\/p>\n<p id=\"p-5\">\u00cen finalul mesajului, pre\u0219edintele ucrainean i-a mul\u021bumit Sanctit\u0103\u021bii Sale pentru disponibilitatea de a sprijini \u00een continuare eforturile de pace.<\/p>\n<h2 id=\"chapter-0\">Mesaj pentru ucraineni cu ocazia Cr\u0103ciunului<\/h2>\n<p id=\"p-7\">Pre\u0219edintele Volodimir Zelenski a transmis miercuri <span><a href=\"https:\/\/www.mediafax.ro\/social\/zelenski-ii-felicita-pe-ucraineni-cu-ocazia-celui-de-al-patrulea-craciun-in-razboi-dorinta-presedintelui-de-sarbatori-23663308\">un mesaj de Cr\u0103ciun<\/a><\/span> \u00een care a condamnat atacurile ruse\u0219ti. El a vorbit \u00een urarea sa despre dorin\u021ba comun\u0103 de pace a ucrainenilor \u0219i despre nevoia \u00eentregii na\u021biuni ca aceasta s\u0103 devin\u0103 realitate c\u00e2t mai cur\u00e2nd.<\/p>\n<p id=\"p-8\" data-start=\"1573\" data-end=\"1783\">\u201eUcrainenii au crezut mult timp c\u0103 \u00een Ajunul Cr\u0103ciunului se deschid cerurile. \u0218i c\u0103, dac\u0103 le spui visul t\u0103u, acesta se va \u00eemplini cu siguran\u021b\u0103. Ast\u0103zi avem cu to\u021bii un vis. \u0218i ne facem o dorin\u021b\u0103 pentru fiecare. (\u2026) Cerem pace pentru Ucraina. Lupt\u0103m pentru ea. \u0218i ne rug\u0103m pentru ea. \u0218i o merit\u0103m. Pentru ca fiecare familie ucrainean\u0103 s\u0103 tr\u0103iasc\u0103 \u00een armonie\u201d, a fost mesajul lui Zelenski.<\/p>\n","protected":false},"excerpt":{"rendered":"<p>Volodimir Zelenski \u0219i Patriarhul Ecumenic Bartolomeu I au avut o conversa\u021bie \u00een prima zi de Cr\u0103ciun, \u00een cadrul c\u0103reia liderul de la Kiev i-a mul\u021bumit acestuia pentru ur\u0103rile adresate popula\u021biei &hellip; <a href=\"https:\/\/microscopemedia.com\/?p=668151\" class=\"more-link\">Read More<\/a><\/p>\n","protected":false},"author":1,"featured_media":668152,"comment_status":"closed","ping_status":"closed","sticky":false,"template":"Default","format":"standard","meta":[],"categories":[1],"tags":[],"_links":{"self":[{"href":"https:\/\/microscopemedia.com\/index.php?rest_route=\/wp\/v2\/posts\/668151"}],"collection":[{"href":"https:\/\/microscopemedia.com\/index.php?rest_route=\/wp\/v2\/posts"}],"about":[{"href":"https:\/\/microscopemedia.com\/index.php?rest_route=\/wp\/v2\/types\/post"}],"author":[{"embeddable":true,"href":"https:\/\/microscopemedia.com\/index.php?rest_route=\/wp\/v2\/users\/1"}],"replies":[{"embeddable":true,"href":"https:\/\/microscopemedia.com\/index.php?rest_route=%2Fwp%2Fv2%2Fcomments&post=668151"}],"version-history":[{"count":0,"href":"https:\/\/microscopemedia.com\/index.php?rest_route=\/wp\/v2\/posts\/668151\/revisions"}],"wp:featuredmedia":[{"embeddable":true,"href":"https:\/\/microscopemedia.com\/index.php?rest_route=\/wp\/v2\/media\/668152"}],"wp:attachment":[{"href":"https:\/\/microscopemedia.com\/index.php?rest_route=%2Fwp%2Fv2%2Fmedia&parent=668151"}],"wp:term":[{"taxonomy":"category","embeddable":true,"href":"https:\/\/microscopemedia.com\/index.php?rest_route=%2Fwp%2Fv2%2Fcategories&post=668151"},{"taxonomy":"post_tag","embeddable":true,"href":"https:\/\/microscopemedia.com\/index.php?rest_route=%2Fwp%2Fv2%2Ftags&post=668151"}],"curies":[{"name":"wp","href":"https:\/\/api.w.org\/{rel}","templated":true}]}}