{"id":668157,"date":"2025-12-25T16:36:04","date_gmt":"2025-12-25T16:36:04","guid":{"rendered":"https:\/\/microscopemedia.com\/?p=668157"},"modified":"2025-12-25T16:36:04","modified_gmt":"2025-12-25T16:36:04","slug":"raed-arafat-informatii-de-ultima-ora-despre-situatia-generata-de-ninsorile-din-ultimele-ore","status":"publish","type":"post","link":"https:\/\/microscopemedia.com\/?p=668157","title":{"rendered":"Raed Arafat, informa\u021bii de ultima or\u0103 despre situa\u021bia generat\u0103 de ninsorile din ultimele ore"},"content":{"rendered":"<div><img decoding=\"async\" src=\"https:\/\/microscopemedia.com\/wp-content\/uploads\/2025\/12\/raed-arafat-informatii-de-ultima-ora-despre-situatia-generata-de-ninsorile-din-ultimele-ore.jpg\" class=\"ff-og-image-inserted\"><\/div>\n<p id=\"p-0\">Potrivit lui Raed Arafat,<strong> dou\u0103 drumuri din jude\u021bul Olt au fost \u00eenchise par\u021bial, \u00eens\u0103 circula\u021bia nu a fost \u00eentrerupt\u0103, <a href=\"https:\/\/www.mediafax.ro\/social\/cod-portocaliu-de-viscol-in-zona-de-munte-din-judetele-hunedoara-si-caras-severin-23663312\">echipele de desz\u0103pezire<\/a> ac\u021bioneaz\u0103 pentru men\u021binerea carosabilului practicabil<\/strong>. De asemenea, \u00een jude\u021bul Teleorman, pe un drum comunal, mai multe autoturisme au avut dificult\u0103\u021bi din cauza alunec\u0103rilor, situa\u021bia fiind gestionat\u0103 de autorit\u0103\u021bi.<\/p>\n<p id=\"p-1\">\u00cen zona Bucure\u0219ti\u2013Ilfov, v<strong>\u00e2ntul puternic a provocat c\u0103derea a aproximativ 20 de copaci<\/strong>, f\u0103r\u0103 a fi raportate victime sau incidente grave.<\/p>\n<p id=\"p-2\">\u201eNu sunt victime, nu sunt situa\u021bii deosebite, nu sunt cazuri care s\u0103 nu fi putut fi rezolvate sau la care s\u0103 nu se poat\u0103 ajunge. Situa\u021bia este sub control\u201d, a precizat la Digi24 Raed Arafat, men\u021bion\u00e2nd c\u0103 raportul complet al interven\u021biilor este centralizat la fiecare 12 ore.<\/p>\n<p id=\"p-3\">\u00cen ceea ce prive\u0219te capacitatea de interven\u021bie, \u0219eful DSU a subliniat c\u0103 autorit\u0103\u021bile sunt preg\u0103tite pentru condi\u021bii de iarn\u0103, dup\u0103 ce, anterior, a avut loc o videoconferin\u021b\u0103 cu toate comitetele pentru situa\u021bii de urgen\u021b\u0103 din zonele aflate sub cod galben. Toate autorit\u0103\u021bile locale au confirmat c\u0103 dispun de materiale antiderapante \u0219i c\u0103 contractele de desz\u0103pezire sunt \u00eencheiate.<\/p>\n<p id=\"p-4\">Referitor la zonele vulnerabile \u00een urm\u0103toarele ore, Raed Arafat a precizat c\u0103, de\u0219i nu sunt a\u0219teptate probleme serioase, zonele cunoscute ca fiind afectate frecvent de viscol ar putea avea dificult\u0103\u021bi suplimentare, \u00een func\u021bie de intensitatea v\u00e2ntului \u0219i cantitatea de precipita\u021bii.<\/p>\n<p id=\"p-5\">\u201e<strong>Suntem sub cod galben, \u00een mod normal n-ar trebui s\u0103 fie probleme serioase, dar de regul\u0103 zonele care au fost afectate \u0219i alt\u0103dat\u0103 pot fi afectate \u0219i acum mai serios. Din cauza v\u00e2ntului, dac\u0103 viscole\u0219te \u00een cursul nop\u021bii, n-am cum s\u0103 v\u0103 spun c\u0103 zona asta sau zona asta. Depinde cum va fi v\u00e2ntul, cum va fi cantitatea de precipita\u021bii. Dar fiind sub cod galben, sper\u0103m c\u0103 nu vom avea situa\u021bii foarte dificile sau foarte grele<\/strong>\u201d, \u00eencheie Arafat.<\/p>\n<p id=\"p-6\">Administra\u021bia Na\u021bional\u0103 de Meteorologie (ANM) a emis, joi, o aten\u021bionare cod portocaliu de viscol pentru zona montan\u0103 a jude\u021belor Cara\u0219-Severin \u0219i Hunedoara.<\/p>\n","protected":false},"excerpt":{"rendered":"<p>Potrivit lui Raed Arafat, dou\u0103 drumuri din jude\u021bul Olt au fost \u00eenchise par\u021bial, \u00eens\u0103 circula\u021bia nu a fost \u00eentrerupt\u0103, echipele de desz\u0103pezire ac\u021bioneaz\u0103 pentru men\u021binerea carosabilului practicabil. De asemenea, \u00een &hellip; <a href=\"https:\/\/microscopemedia.com\/?p=668157\" class=\"more-link\">Read More<\/a><\/p>\n","protected":false},"author":1,"featured_media":668158,"comment_status":"closed","ping_status":"closed","sticky":false,"template":"Default","format":"standard","meta":[],"categories":[1],"tags":[],"_links":{"self":[{"href":"https:\/\/microscopemedia.com\/index.php?rest_route=\/wp\/v2\/posts\/668157"}],"collection":[{"href":"https:\/\/microscopemedia.com\/index.php?rest_route=\/wp\/v2\/posts"}],"about":[{"href":"https:\/\/microscopemedia.com\/index.php?rest_route=\/wp\/v2\/types\/post"}],"author":[{"embeddable":true,"href":"https:\/\/microscopemedia.com\/index.php?rest_route=\/wp\/v2\/users\/1"}],"replies":[{"embeddable":true,"href":"https:\/\/microscopemedia.com\/index.php?rest_route=%2Fwp%2Fv2%2Fcomments&post=668157"}],"version-history":[{"count":0,"href":"https:\/\/microscopemedia.com\/index.php?rest_route=\/wp\/v2\/posts\/668157\/revisions"}],"wp:featuredmedia":[{"embeddable":true,"href":"https:\/\/microscopemedia.com\/index.php?rest_route=\/wp\/v2\/media\/668158"}],"wp:attachment":[{"href":"https:\/\/microscopemedia.com\/index.php?rest_route=%2Fwp%2Fv2%2Fmedia&parent=668157"}],"wp:term":[{"taxonomy":"category","embeddable":true,"href":"https:\/\/microscopemedia.com\/index.php?rest_route=%2Fwp%2Fv2%2Fcategories&post=668157"},{"taxonomy":"post_tag","embeddable":true,"href":"https:\/\/microscopemedia.com\/index.php?rest_route=%2Fwp%2Fv2%2Ftags&post=668157"}],"curies":[{"name":"wp","href":"https:\/\/api.w.org\/{rel}","templated":true}]}}