{"id":668159,"date":"2025-12-25T17:16:04","date_gmt":"2025-12-25T17:16:04","guid":{"rendered":"https:\/\/microscopemedia.com\/?p=668159"},"modified":"2025-12-25T17:16:04","modified_gmt":"2025-12-25T17:16:04","slug":"luca-zidane-spune-ca-bunicul-sau-l-a-incurajat-sa-joace-pentru-algeria","status":"publish","type":"post","link":"https:\/\/microscopemedia.com\/?p=668159","title":{"rendered":"Luca Zidane spune c\u0103 bunicul s\u0103u l-a \u00eencurajat s\u0103 joace pentru Algeria"},"content":{"rendered":"<div><img decoding=\"async\" src=\"https:\/\/microscopemedia.com\/wp-content\/uploads\/2025\/12\/luca-zidane-spune-ca-bunicul-sau-l-a-incurajat-sa-joace-pentru-algeria.jpg\" class=\"ff-og-image-inserted\"><\/div>\n<p id=\"p-0\">Portarul Luca Zidane, \u00een v\u00e2rst\u0103 de 27 de ani, a devenit rapid prima op\u021biune a Algeriei \u00eentre buturi \u0219i a fost urm\u0103rit de tat\u0103l s\u0103u la meciul c\u00e2\u0219tigat cu 3-0 \u00eempotriva Sudanului, \u00een Grupa E a Cupei Africii pe Na\u021biuni, disputat miercuri.<\/p>\n<p id=\"p-1\">\u201eC\u00e2nd m\u0103 g\u00e2ndesc la Algeria, \u00eemi amintesc de bunicul meu. \u00cenc\u0103 din copil\u0103rie, am avut aceast\u0103 cultur\u0103 algerian\u0103 \u00een familie\u201d, a declarat Luca Zidane pentru BeIN Sports France.<\/p>\n<p id=\"p-2\">El a spus c\u0103 a discutat despre aceast\u0103 decizie cu bunicul s\u0103u \u00eenainte de debutul la na\u021bional\u0103.<\/p>\n<p id=\"p-3\">\u201eAm vorbit cu el \u00eenainte s\u0103 joc pentru echipa na\u021bional\u0103 \u0219i a fost extrem de fericit de acest pas. De fiecare dat\u0103 c\u00e2nd primesc o convocare, m\u0103 sun\u0103 \u0219i \u00eemi spune c\u0103 am luat o decizie foarte bun\u0103 \u0219i c\u0103 este m\u00e2ndru de mine\u201d, a spus Luca Zidane.<\/p>\n<p id=\"p-4\">Luca Zidane a precizat c\u0103 \u0219i tat\u0103l s\u0103u, Zinedine Zidane, l-a sprijinit.<\/p>\n<p id=\"p-5\">Zinedine Zidane este considerat unul dintre cei mai mari fotbali\u0219ti din istoria Fran\u021bei. El a condus na\u021bionala c\u0103tre c\u00e2\u0219tigarea Cupei Mondiale din 1998, marc\u00e2nd dou\u0103 goluri \u00een finala cu Brazilia, \u0219i a contribuit ulterior la triumful Fran\u021bei la Campionatul European din 2000, performan\u021b\u0103 care a adus o dubl\u0103 istoric\u0103 pentru \u201eLes Bleus\u201d.<\/p>\n<p id=\"p-6\">Luca Zidane evolueaz\u0103 \u00een prezent la Granada, \u00een Spania.<\/p>\n","protected":false},"excerpt":{"rendered":"<p>Portarul Luca Zidane, \u00een v\u00e2rst\u0103 de 27 de ani, a devenit rapid prima op\u021biune a Algeriei \u00eentre buturi \u0219i a fost urm\u0103rit de tat\u0103l s\u0103u la meciul c\u00e2\u0219tigat cu 3-0 &hellip; <a href=\"https:\/\/microscopemedia.com\/?p=668159\" class=\"more-link\">Read More<\/a><\/p>\n","protected":false},"author":1,"featured_media":668160,"comment_status":"closed","ping_status":"closed","sticky":false,"template":"Default","format":"standard","meta":[],"categories":[1],"tags":[],"_links":{"self":[{"href":"https:\/\/microscopemedia.com\/index.php?rest_route=\/wp\/v2\/posts\/668159"}],"collection":[{"href":"https:\/\/microscopemedia.com\/index.php?rest_route=\/wp\/v2\/posts"}],"about":[{"href":"https:\/\/microscopemedia.com\/index.php?rest_route=\/wp\/v2\/types\/post"}],"author":[{"embeddable":true,"href":"https:\/\/microscopemedia.com\/index.php?rest_route=\/wp\/v2\/users\/1"}],"replies":[{"embeddable":true,"href":"https:\/\/microscopemedia.com\/index.php?rest_route=%2Fwp%2Fv2%2Fcomments&post=668159"}],"version-history":[{"count":0,"href":"https:\/\/microscopemedia.com\/index.php?rest_route=\/wp\/v2\/posts\/668159\/revisions"}],"wp:featuredmedia":[{"embeddable":true,"href":"https:\/\/microscopemedia.com\/index.php?rest_route=\/wp\/v2\/media\/668160"}],"wp:attachment":[{"href":"https:\/\/microscopemedia.com\/index.php?rest_route=%2Fwp%2Fv2%2Fmedia&parent=668159"}],"wp:term":[{"taxonomy":"category","embeddable":true,"href":"https:\/\/microscopemedia.com\/index.php?rest_route=%2Fwp%2Fv2%2Fcategories&post=668159"},{"taxonomy":"post_tag","embeddable":true,"href":"https:\/\/microscopemedia.com\/index.php?rest_route=%2Fwp%2Fv2%2Ftags&post=668159"}],"curies":[{"name":"wp","href":"https:\/\/api.w.org\/{rel}","templated":true}]}}