{"id":668163,"date":"2025-12-25T17:36:04","date_gmt":"2025-12-25T17:36:04","guid":{"rendered":"https:\/\/microscopemedia.com\/?p=668163"},"modified":"2025-12-25T17:36:04","modified_gmt":"2025-12-25T17:36:04","slug":"mai-multe-persoane-au-fost-ranite-intr-un-incident-din-suedia","status":"publish","type":"post","link":"https:\/\/microscopemedia.com\/?p=668163","title":{"rendered":"Mai multe persoane au fost r\u0103nite \u00eentr-un incident din Suedia"},"content":{"rendered":"<div><img decoding=\"async\" src=\"https:\/\/microscopemedia.com\/wp-content\/uploads\/2025\/12\/mai-multe-persoane-au-fost-ranite-intr-un-incident-din-suedia.jpg\" class=\"ff-og-image-inserted\"><\/div>\n<p id=\"p-0\">Mai multe persoane au fost r\u0103nite \u00eentr-un incident \u201eviolent\u201d care a avut loc joi \u00een ora\u0219ul suedez Boden, potrivit departamentului de poli\u021bie local, noteaz\u0103 <a href=\"https:\/\/www.baha.com\/Several-people-injured-in-incident-in-Sweden\/news\/details\/65401738?internal=1\" target=\"_blank\" rel=\"noopener\">Baha<\/a>.<\/p>\n<p id=\"p-1\">\u201eAvem un caz \u00een desf\u0103\u0219urare acolo, momentan nu pot spune mai mult dec\u00e2t c\u0103 este un incident grav\u201d, a declarat purt\u0103torul de cuv\u00e2nt al poli\u021biei, Asa Mjoerndal.<\/p>\n<p id=\"p-2\">Potrivit publica\u021biei suedeze Aftonbladet, poli\u021bia l-a \u00eempu\u0219cat pe suspect, dar amploarea r\u0103nilor nu este clar\u0103. \u00centre timp, regiunea Norrbotten, care administreaz\u0103 cinci spitale principale din nordul Suediei, ar fi dezv\u0103luit c\u0103 a primit mai multe persoane r\u0103nite dup\u0103 incident.<\/p>\n<p id=\"p-3\">Poli\u021bia <a href=\"https:\/\/www.mediafax.ro\/?s=suedia\">suedez\u0103<\/a> a c\u0103 g\u0103sit cadavrul unei femei dup\u0103 ce a fost chemat\u0103 joi la o cas\u0103 din ora\u0219ul Boden, \u00een nordul Suediei, pentru a investiga o presupus\u0103 agresiune. Poli\u021bi\u0219tii au transmis \u00eentr-un comunicat c\u0103 au primit rapoarte conform c\u0103rora un b\u0103rbat de vreo 20 de ani i-ar fi atacat pe ocupan\u021bii casei cu un fel de arm\u0103. Ace\u0219tia au deschis focul \u00een timp ce \u00eencercau s\u0103-l aresteze.<\/p>\n","protected":false},"excerpt":{"rendered":"<p>Mai multe persoane au fost r\u0103nite \u00eentr-un incident \u201eviolent\u201d care a avut loc joi \u00een ora\u0219ul suedez Boden, potrivit departamentului de poli\u021bie local, noteaz\u0103 Baha. \u201eAvem un caz \u00een desf\u0103\u0219urare &hellip; <a href=\"https:\/\/microscopemedia.com\/?p=668163\" class=\"more-link\">Read More<\/a><\/p>\n","protected":false},"author":1,"featured_media":668164,"comment_status":"closed","ping_status":"closed","sticky":false,"template":"Default","format":"standard","meta":[],"categories":[1],"tags":[],"_links":{"self":[{"href":"https:\/\/microscopemedia.com\/index.php?rest_route=\/wp\/v2\/posts\/668163"}],"collection":[{"href":"https:\/\/microscopemedia.com\/index.php?rest_route=\/wp\/v2\/posts"}],"about":[{"href":"https:\/\/microscopemedia.com\/index.php?rest_route=\/wp\/v2\/types\/post"}],"author":[{"embeddable":true,"href":"https:\/\/microscopemedia.com\/index.php?rest_route=\/wp\/v2\/users\/1"}],"replies":[{"embeddable":true,"href":"https:\/\/microscopemedia.com\/index.php?rest_route=%2Fwp%2Fv2%2Fcomments&post=668163"}],"version-history":[{"count":0,"href":"https:\/\/microscopemedia.com\/index.php?rest_route=\/wp\/v2\/posts\/668163\/revisions"}],"wp:featuredmedia":[{"embeddable":true,"href":"https:\/\/microscopemedia.com\/index.php?rest_route=\/wp\/v2\/media\/668164"}],"wp:attachment":[{"href":"https:\/\/microscopemedia.com\/index.php?rest_route=%2Fwp%2Fv2%2Fmedia&parent=668163"}],"wp:term":[{"taxonomy":"category","embeddable":true,"href":"https:\/\/microscopemedia.com\/index.php?rest_route=%2Fwp%2Fv2%2Fcategories&post=668163"},{"taxonomy":"post_tag","embeddable":true,"href":"https:\/\/microscopemedia.com\/index.php?rest_route=%2Fwp%2Fv2%2Ftags&post=668163"}],"curies":[{"name":"wp","href":"https:\/\/api.w.org\/{rel}","templated":true}]}}