{"id":668173,"date":"2025-12-25T18:36:04","date_gmt":"2025-12-25T18:36:04","guid":{"rendered":"https:\/\/microscopemedia.com\/?p=668173"},"modified":"2025-12-25T18:36:04","modified_gmt":"2025-12-25T18:36:04","slug":"cele-mai-impresionante-targuri-si-evenimente-de-comert-cu-amanuntul-de-vizitat-in-2026","status":"publish","type":"post","link":"https:\/\/microscopemedia.com\/?p=668173","title":{"rendered":"Cele mai impresionante t\u00e2rguri \u0219i evenimente de comer\u021b cu am\u0103nuntul de vizitat \u00een 2026"},"content":{"rendered":"<div><img decoding=\"async\" src=\"https:\/\/microscopemedia.com\/wp-content\/uploads\/2025\/12\/cele-mai-impresionante-targuri-si-evenimente-de-comert-cu-amanuntul-de-vizitat-in-2026.jpg\" class=\"ff-og-image-inserted\"><\/div>\n<p id=\"p-0\">T\u00e2rgurile comerciale cu am\u0103nuntul joac\u0103 un rol vital \u00een explorarea de noi solu\u021bii, prezentarea tendin\u021belor emergente \u0219i conectarea tuturor segmentelor industriei, scrie <a href=\"https:\/\/www.esmmagazine.com\/retail\/the-best-retail-trade-shows-and-events-to-visit-in-2026-303053\" target=\"_blank\" rel=\"noopener\">ESM<\/a>.<\/p>\n<p id=\"p-1\">ESM&nbsp;a preg\u0103tit o list\u0103 de evenimente comerciale din sectorul alimentar \u0219i de retail la care trebuie s\u0103 participa\u021bi \u00een 2026.<\/p>\n<h2 id=\"chapter-0\">NRF 2026<\/h2>\n<p id=\"p-2\">11-13 ianuarie 2026, New York City, SUA<\/p>\n<p id=\"p-3\">Unul dintre cele mai importante t\u00e2rguri de retail din lume, NRF 2026, revine pentru a oferi vizitatorilor informa\u021bii despre cele mai recente tehnologii \u0219i inova\u021bii care remodeleaz\u0103 peisajul comer\u021bului cu am\u0103nuntul.<\/p>\n<p id=\"p-4\">Evenimentul va avea loc la Centrul de Conven\u021bii Jacob K. Javits din New York City, \u00een perioada 11-13 ianuarie 2026. Pentru mai multe informa\u021bii, vizita\u021bi&nbsp;nrfbigshow.nrf.com&nbsp;.<\/p>\n<h2 id=\"chapter-1\">Marca Bologna<\/h2>\n<p id=\"p-5\">14-15 ianuarie 2026, Bologna, Italia<\/p>\n<p id=\"p-6\">Marca Bologna, un t\u00e2rg comercial B2B, va eviden\u021bia noile evolu\u021bii din sectorul m\u0103rcilor private pentru comercian\u021bi cu am\u0103nuntul \u0219i produc\u0103tori.<\/p>\n<p id=\"p-7\">Evenimentul va avea loc la BolognaFiere din Bologna, Italia, \u00een perioada 14-15 ianuarie 2026.<\/p>\n<h2 id=\"chapter-2\">ISM 2026<\/h2>\n<p id=\"p-8\">1-4 februarie 2026, K\u00f6ln, Germania<\/p>\n<p id=\"p-9\">ISM 2026, un t\u00e2rg important de produse de cofet\u0103rie \u0219i gust\u0103ri, este programat \u00een perioada 1-4 februarie 2026 la Koelnmesse din K\u00f6ln, Germania.<\/p>\n<p id=\"p-10\">Organizat \u00een colaborare cu ProSweets Cologne, un t\u00e2rg interna\u021bional de furnizori pentru industria dulciurilor \u0219i gust\u0103rilor, evenimentul va prezenta noi tendin\u021be \u0219i inova\u021bii pentru sectorul de cofet\u0103rie.<\/p>\n<h2 id=\"chapter-3\">Fruit Logistica 2026<\/h2>\n<p id=\"p-11\">4-6 februarie 2026, Berlin, Germania<\/p>\n<p id=\"p-12\">La Fruit Logistica, un t\u00e2rg global de produse proaspete, peste 2.300 de expozan\u021bi vor prezenta produse noi \u0219i solu\u021bii agricole inovatoare.<\/p>\n<p id=\"p-13\">Evenimentul va avea loc la Messe Berlin, \u00een perioada 4-6 februarie 2026.<\/p>\n<p id=\"p-14\">Pentru mai multe informa\u021bii, vizita\u021bi&nbsp;fruitlogistica.com&nbsp;.<\/p>\n<h2 id=\"chapter-4\">EuroShop 2026<\/h2>\n<p id=\"p-15\">22-26 februarie 2026, D\u00fcsseldorf, Germania<\/p>\n<p id=\"p-16\">EuroShop, un t\u00e2rg de retail de renume, va oferi perspective asupra tendin\u021belor din retail \u0219i va prezenta premiile EuroShop RetailDesign la categoriile alimente, mod\u0103 \u0219i stil de via\u021b\u0103, digital, ospitalitate \u0219i sustenabilitate.<\/p>\n<p id=\"p-17\">S\u0103rb\u0103torind 60 de ani de la \u00eenfiin\u021barea Euroshop, evenimentul va avea loc anul acesta la Messe D\u00fcsseldorf, Germania, \u00een perioada 22-26 februarie.<\/p>\n<p id=\"p-18\">Pentru mai multe informa\u021bii, vizita\u021bi&nbsp;euroshop.de&nbsp;.<\/p>\n<h2 id=\"chapter-5\">Alimentaria<\/h2>\n<p id=\"p-19\">23-26 martie 2026, Barcelona, \u200b\u200bSpania<\/p>\n<p id=\"p-20\">Alimentaria, un t\u00e2rg comercial de alimente \u0219i b\u0103uturi, este programat \u00een perioada 23-26 martie 2026 la Fira Barcelona Gran Via din Barcelona, \u200b\u200bSpania.<\/p>\n<p id=\"p-21\">Pentru a 50-a aniversare, Alimentaria se va uni cu Hostelco, reunind produc\u0103tori, cump\u0103r\u0103tori \u0219i distribuitori din sectorul alimentar, al b\u0103uturilor \u0219i al ospitalit\u0103\u021bii.<\/p>\n<p id=\"p-22\">Pentru mai multe informa\u021bii, vizita\u021bi alimentaria.com.<\/p>\n<h2 id=\"chapter-6\">Expozi\u021bia Global\u0103 de Fructe de Mare 2026<\/h2>\n<p id=\"p-23\">21-23 aprilie 2026, Barcelona, \u200b\u200bSpania<\/p>\n<p id=\"p-24\">Seafood Expo Global, unul dintre cele mai mari t\u00e2rguri de fructe de mare din lume, va g\u0103zdui furnizori din peste 80 de \u021b\u0103ri care vor expune o gam\u0103 larg\u0103 de produse \u0219i echipamente din fructe de mare.<\/p>\n<p id=\"p-25\">Evenimentul comercial va include premiile Seafood Excellence Global Awards, care vor avea loc tot la Fira Barcelona Gran Via din Barcelona, \u200b\u200bSpania, \u00een perioada 21-23 aprilie 2026.<\/p>\n<p id=\"p-26\">Pentru mai multe informa\u021bii, vizita\u021bi&nbsp;seafoodexpo.com&nbsp;.<\/p>\n<h2 id=\"chapter-7\">Interzoo 2026<\/h2>\n<p id=\"p-27\">12-15 mai 2026, N\u00fcrnberg, Germania<\/p>\n<p id=\"p-28\">Interzoo 2026, un t\u00e2rg comercial de top pentru industria animalelor de companie, va eviden\u021bia cele mai recente tendin\u021be \u00een domeniul aprovizion\u0103rii cu produse pentru animale de companie.<\/p>\n<p id=\"p-29\">\u00cen 2025, t\u00e2rgul a primit 37.000 de vizitatori \u0219i a g\u0103zduit peste 1.000 de expozan\u021bi.<\/p>\n<p id=\"p-30\">Interzoo 2026 va avea loc la N\u00fcrnbergMesse din N\u00fcrnberg, Germania, \u00een perioada 12-15 mai 2026.<\/p>\n<h2 id=\"chapter-8\">PLMA \u201eLumea m\u0103rcilor private\u201d<\/h2>\n<p id=\"p-31\">19-20 mai 2026, Amsterdam, Olanda<\/p>\n<p id=\"p-32\">\u00cenc\u0103 din 1986, evenimentul anual de retail \u201eLumea m\u0103rcilor private\u201d organizat de PLMA s-a impus ca un t\u00e2rg comercial de top pentru produsele de marc\u0103.<\/p>\n<p id=\"p-33\">Eviden\u021biind cele mai recente inova\u021bii \u00een domeniul m\u0103rcilor private, PLMA va reuni comercian\u021bii cu am\u0103nuntul \u0219i furnizorii la Centrul de Conven\u021bii Rai Amsterdam din Amsterdam, Olanda, \u00een perioada 19-20 mai 2026.<\/p>\n<h2 id=\"chapter-9\">IDDBA 2026<\/h2>\n<p id=\"p-34\">7-9 iunie 2026, Orlando, SUA<\/p>\n<p id=\"p-35\">IDDBA, evenimentul anual, revine pentru a prezenta cele mai recente tendin\u021be din industria lactatelor, a mezelurilor, a panifica\u021biei \u0219i a serviciilor alimentare.<\/p>\n<p id=\"p-36\">Anul trecut, IDDBA 2025 a g\u0103zduit peste 1.000 de expozan\u021bi \u0219i a \u00eenregistrat peste 10.000 de vizitatori.<\/p>\n<p id=\"p-37\">\u00cen 2025, evenimentul va avea loc la Centrul de Conven\u021bii Orange County din Orlando, Florida, \u00een perioada 7-9 iunie 2026.<\/p>\n<h2 id=\"chapter-10\">Shoptalk Europe<\/h2>\n<p id=\"p-38\">9-11 iunie 2026, Barcelona, \u200b\u200bSpania<\/p>\n<p id=\"p-39\">Shoptalk Europe, un eveniment de retail de top, promite s\u0103 fie \u201ecasa Europei pentru inova\u021bie \u00een retail\u201d, g\u0103zduind peste 180 de lideri seniori din pia\u021ba de retail care \u00ee\u0219i vor oferi opiniile \u0219i vor discuta despre noile inova\u021bii.<\/p>\n<p id=\"p-40\">Evenimentul va avea loc la Fira Barcelona Gran Via din Barcelona, \u200b\u200bSpania, \u00een perioada 9-11 iunie 2026.<\/p>\n<h2 id=\"chapter-11\">ISM Orientul Mijlociu<\/h2>\n<p id=\"p-41\">15-17 septembrie 2026, Dubai, Emiratele Arabe Unite<\/p>\n<p id=\"p-42\">Evenimentul comercial de produse de cofet\u0103rie ISM Middle East va prezenta cele mai recente tendin\u021be \u0219i produse inovatoare din industrie \u00een perioada 15-17 septembrie 2026.<\/p>\n<p id=\"p-43\">Anul trecut, ISM Middle East a g\u0103zduit peste 700 de expozan\u021bi \u0219i a prezentat peste 60.000 de produse noi din categoria produselor de cofet\u0103rie.<\/p>\n<p id=\"p-44\">\u00cen 2026, evenimentul va avea loc la Dubai World Trade Centre din Dubai, Emiratele Arabe Unite.<\/p>\n<h2 id=\"chapter-12\">NRF 2026: Marele spectacol de comer\u021b cu am\u0103nuntul din Europa<\/h2>\n<p id=\"p-45\">15-17 septembrie 2026, Paris, Fran\u021ba<\/p>\n<p id=\"p-46\">Edi\u021bia european\u0103 a NRF revine la Paris Expo Porte de Versailles din Paris, Fran\u021ba, \u00een perioada 15-17 septembrie 2026.<\/p>\n<p id=\"p-47\">Evenimentul comercial va g\u0103zdui lideri globali ai industriei, care vor discuta despre viitorul comer\u021bului cu am\u0103nuntul \u0219i vor prezenta solu\u021bii inovatoare.<\/p>\n<h2 id=\"chapter-13\">Magazin alimentar<\/h2>\n<p id=\"p-48\">22-24 septembrie 2026, Las Vegas, SUA<\/p>\n<p id=\"p-49\">T\u00e2rgul de comer\u021b cu am\u0103nuntul, Groceryshop, este programat \u00een perioada 22-24 septembrie 2026 la Centrul de Conven\u021bii Mandalay Bay din Las Vegas, SUA.<\/p>\n<p id=\"p-50\">Anul trecut, evenimentul a explorat oportunit\u0103\u021bile dintr-o pia\u021b\u0103 de retail \u00een rapid\u0103 schimbare, impulsionat\u0103 de progresele tehnologice.<\/p>\n<h2 id=\"chapter-14\">Chillventa<\/h2>\n<p id=\"p-51\">13-15 octombrie 2026, N\u00fcrnberg, Germania<\/p>\n<p id=\"p-52\">Chillventa, un t\u00e2rg important de refrigerare \u0219i HVAC, va avea loc la N\u00fcrnbergMesse din N\u00fcrnberg, Germania, \u00een perioada 13-15 octombrie 2026.<\/p>\n<p id=\"p-53\">Evenimentul comercial va prezenta cele mai noi tehnologii \u0219i inova\u021bii pentru sisteme de refrigerare, aer condi\u021bionat, ventila\u021bie \u0219i pompe de c\u0103ldur\u0103.<\/p>\n<h2 id=\"chapter-15\">SIAL Paris<\/h2>\n<p id=\"p-54\">17-21 octombrie 2026, Paris, Fran\u021ba<\/p>\n<p id=\"p-55\">SIAL Paris, un t\u00e2rg alimentar interna\u021bional de top, va oferi vizitatorilor perspective asupra celor mai recente inova\u021bii alimentare, prezent\u00e2nd anul trecut 400.000 de produse.<\/p>\n<p id=\"p-56\">Evenimentul va avea loc la Parc des Expositions de Paris-Nord Villepinte din Paris, Fran\u021ba, \u00een perioada 17-21 octombrie 2026.<\/p>\n<h2 id=\"chapter-16\">Privel<\/h2>\n<p id=\"p-57\">4-5 noiembrie 2026, Madrid, Spania<\/p>\n<p id=\"p-58\">Privel, un nou t\u00e2rg comercial \u00een limba spaniol\u0103, va avea loc la IFEMA din Madrid, Spania, \u00een perioada 4-5 noiembrie.<\/p>\n<p id=\"p-59\">Evenimentul, organizat \u00een parteneriat cu IFEMA Madrid \u0219i Alimarket, va reuni produc\u0103tori \u0219i comercian\u021bi cu am\u0103nuntul, prezent\u00e2nd noile tendin\u021be ale pie\u021bei de m\u0103rci private.<\/p>\n","protected":false},"excerpt":{"rendered":"<p>T\u00e2rgurile comerciale cu am\u0103nuntul joac\u0103 un rol vital \u00een explorarea de noi solu\u021bii, prezentarea tendin\u021belor emergente \u0219i conectarea tuturor segmentelor industriei, scrie ESM. ESM&nbsp;a preg\u0103tit o list\u0103 de evenimente comerciale &hellip; <a href=\"https:\/\/microscopemedia.com\/?p=668173\" class=\"more-link\">Read More<\/a><\/p>\n","protected":false},"author":1,"featured_media":668174,"comment_status":"closed","ping_status":"closed","sticky":false,"template":"Default","format":"standard","meta":[],"categories":[1],"tags":[],"_links":{"self":[{"href":"https:\/\/microscopemedia.com\/index.php?rest_route=\/wp\/v2\/posts\/668173"}],"collection":[{"href":"https:\/\/microscopemedia.com\/index.php?rest_route=\/wp\/v2\/posts"}],"about":[{"href":"https:\/\/microscopemedia.com\/index.php?rest_route=\/wp\/v2\/types\/post"}],"author":[{"embeddable":true,"href":"https:\/\/microscopemedia.com\/index.php?rest_route=\/wp\/v2\/users\/1"}],"replies":[{"embeddable":true,"href":"https:\/\/microscopemedia.com\/index.php?rest_route=%2Fwp%2Fv2%2Fcomments&post=668173"}],"version-history":[{"count":0,"href":"https:\/\/microscopemedia.com\/index.php?rest_route=\/wp\/v2\/posts\/668173\/revisions"}],"wp:featuredmedia":[{"embeddable":true,"href":"https:\/\/microscopemedia.com\/index.php?rest_route=\/wp\/v2\/media\/668174"}],"wp:attachment":[{"href":"https:\/\/microscopemedia.com\/index.php?rest_route=%2Fwp%2Fv2%2Fmedia&parent=668173"}],"wp:term":[{"taxonomy":"category","embeddable":true,"href":"https:\/\/microscopemedia.com\/index.php?rest_route=%2Fwp%2Fv2%2Fcategories&post=668173"},{"taxonomy":"post_tag","embeddable":true,"href":"https:\/\/microscopemedia.com\/index.php?rest_route=%2Fwp%2Fv2%2Ftags&post=668173"}],"curies":[{"name":"wp","href":"https:\/\/api.w.org\/{rel}","templated":true}]}}