{"id":668175,"date":"2025-12-25T18:46:04","date_gmt":"2025-12-25T18:46:04","guid":{"rendered":"https:\/\/microscopemedia.com\/?p=668175"},"modified":"2025-12-25T18:46:04","modified_gmt":"2025-12-25T18:46:04","slug":"prosus-actionarul-majoritar-al-emag-avertizeaza-ca-regulile-ue-franeaza-investitiile-in-europa","status":"publish","type":"post","link":"https:\/\/microscopemedia.com\/?p=668175","title":{"rendered":"Prosus, ac\u021bionarul majoritar al eMAG, avertizeaz\u0103 c\u0103 regulile UE fr\u00e2neaz\u0103 investi\u021biile \u00een Europa"},"content":{"rendered":"<div><img decoding=\"async\" src=\"https:\/\/microscopemedia.com\/wp-content\/uploads\/2025\/12\/prosus-actionarul-majoritar-al-emag-avertizeaza-ca-regulile-ue-franeaza-investitiile-in-europa.jpg\" class=\"ff-og-image-inserted\"><\/div>\n<p id=\"p-0\">Fabricio Bloisi a afirmat c\u0103 Prosus este \u201edispus\u201d s\u0103 investeasc\u0103 suplimentar \u00een sectorul livr\u0103rilor de m\u00e2ncare, \u00een cadrul obiectivului de a construi un \u201ecampion tehnologic european\u201d evaluat la 100 de miliarde de dolari. Potrivit acestuia, planurile Prosus sunt \u00eens\u0103 fr\u00e2nate de condi\u021biile impuse de <a href=\"https:\/\/www.mediafax.ro\/politic\/von-der-leyen-afirma-ca-libertatea-de-exprimare-este-fundamentul-democratiei-europene-23663108\">Bruxelles<\/a>.<\/p>\n<p id=\"p-1\">Comisia European\u0103 a aprobat tranzac\u021bia cu Just Eat doar dup\u0103 ce Prosus s-a angajat s\u0103 \u00ee\u0219i reduc\u0103 participa\u021bia de 27% \u00een Delivery Hero, rivalul cu sediul la Berlin, \u0219i s\u0103 renun\u021be la locul din consiliul de administra\u021bie al companiei, conform <a href=\"https:\/\/www.ft.com\/content\/9da2562c-423a-4c85-9e6b-2fc572647957\" target=\"_blank\" rel=\"noopener\">Financial Times<\/a>.<\/p>\n<h2 id=\"chapter-0\">Critici la adresa regulilor UE<\/h2>\n<p id=\"p-2\">\u201eTocmai am f\u0103cut o achizi\u021bie (a Just Eat Takeaway \u2013 n.r.), ne-am angajat s\u0103 investim \u00eentre 10 \u0219i 15 miliarde de dolari \u00een Europa, iar recomandarea pe care am primit-o (din partea autorit\u0103\u021bilor europene de concuren\u021b\u0103 \u2013 n.r.) a fost s\u0103 vindem active\u201d, a spus Bloisi.<\/p>\n<p id=\"p-3\">Declara\u021biile sale vin \u00een contextul \u00een care tot mai multe companii europene, precum grupurile de telecomunica\u021bii Telef\u00f3nica \u0219i Deutsche Telekom, cer Uniunii Europene s\u0103 relaxeze regulile privind fuziunile pentru a putea concura mai bine cu rivalii din SUA \u0219i China.<\/p>\n<p id=\"p-4\"><!--StartFragment --><span class=\"cf0\">Prosus, ac\u021bionarul majoritar al eMAG, este un grup interna<\/span><span class=\"cf1\">\u021bional de investi\u021bii <\/span><span class=\"cf0\">\u00een tehnologie, listat la Bursa din Amsterdam <\/span><span class=\"cf1\">\u0219i parte a conglomeratului sud-african Naspers, cu participa\u021bii <\/span><span class=\"cf0\">\u00een companii din domenii precum livr<\/span><span class=\"cf1\">\u0103rile de m<\/span><span class=\"cf0\">\u00e2ncare, comer<\/span><span class=\"cf1\">\u021bul online \u0219i serviciile digitale.&nbsp;<\/span><!--EndFragment --><\/p>\n<p id=\"p-5\">Bloisi a declarat c\u0103 situa\u021bia reflect\u0103 lipsa de aplicare a recomand\u0103rilor raportului din 2024 al lui Mario Draghi privind competitivitatea european\u0103, care propunea relaxarea regulilor privind fuziunile pentru a permite crearea unor \u201ecampioni europeni\u201d.<\/p>\n<p id=\"p-6\">\u201eRaportul Draghi spune c\u0103 avem nevoie de campioni locali. Asta nu este mentalitatea Comisiei Europene de ast\u0103zi; mentalitatea este \u00abs\u0103 ne uit\u0103m la concuren\u021ba intern\u0103\u00bb. Cred c\u0103 este o mare gre\u0219eal\u0103\u201d, a declarat Bloisi. \u201eCred c\u0103 mentalitatea european\u0103 trebuie s\u0103 se schimbe, altfel vom deveni irelevan\u021bi din punct de vedere tehnologic\u201d, a ad\u0103ugat el.<\/p>\n<p id=\"p-7\">\u00cen septembrie, Draghi a criticat \u201einac\u021biunea\u201d Uniunii Europene din ultimul an, avertiz\u00e2nd c\u0103 acest lucru amenin\u021b\u0103 \u201enu doar competitivitatea noastr\u0103, ci chiar suveranitatea noastr\u0103\u201d.<\/p>\n","protected":false},"excerpt":{"rendered":"<p>Fabricio Bloisi a afirmat c\u0103 Prosus este \u201edispus\u201d s\u0103 investeasc\u0103 suplimentar \u00een sectorul livr\u0103rilor de m\u00e2ncare, \u00een cadrul obiectivului de a construi un \u201ecampion tehnologic european\u201d evaluat la 100 de &hellip; <a href=\"https:\/\/microscopemedia.com\/?p=668175\" class=\"more-link\">Read More<\/a><\/p>\n","protected":false},"author":1,"featured_media":668176,"comment_status":"closed","ping_status":"closed","sticky":false,"template":"Default","format":"standard","meta":[],"categories":[1],"tags":[],"_links":{"self":[{"href":"https:\/\/microscopemedia.com\/index.php?rest_route=\/wp\/v2\/posts\/668175"}],"collection":[{"href":"https:\/\/microscopemedia.com\/index.php?rest_route=\/wp\/v2\/posts"}],"about":[{"href":"https:\/\/microscopemedia.com\/index.php?rest_route=\/wp\/v2\/types\/post"}],"author":[{"embeddable":true,"href":"https:\/\/microscopemedia.com\/index.php?rest_route=\/wp\/v2\/users\/1"}],"replies":[{"embeddable":true,"href":"https:\/\/microscopemedia.com\/index.php?rest_route=%2Fwp%2Fv2%2Fcomments&post=668175"}],"version-history":[{"count":0,"href":"https:\/\/microscopemedia.com\/index.php?rest_route=\/wp\/v2\/posts\/668175\/revisions"}],"wp:featuredmedia":[{"embeddable":true,"href":"https:\/\/microscopemedia.com\/index.php?rest_route=\/wp\/v2\/media\/668176"}],"wp:attachment":[{"href":"https:\/\/microscopemedia.com\/index.php?rest_route=%2Fwp%2Fv2%2Fmedia&parent=668175"}],"wp:term":[{"taxonomy":"category","embeddable":true,"href":"https:\/\/microscopemedia.com\/index.php?rest_route=%2Fwp%2Fv2%2Fcategories&post=668175"},{"taxonomy":"post_tag","embeddable":true,"href":"https:\/\/microscopemedia.com\/index.php?rest_route=%2Fwp%2Fv2%2Ftags&post=668175"}],"curies":[{"name":"wp","href":"https:\/\/api.w.org\/{rel}","templated":true}]}}