{"id":668187,"date":"2025-12-25T21:46:04","date_gmt":"2025-12-25T21:46:04","guid":{"rendered":"https:\/\/microscopemedia.com\/?p=668187"},"modified":"2025-12-25T21:46:04","modified_gmt":"2025-12-25T21:46:04","slug":"jair-bolsonaro-si-a-anuntat-sustinerea-pentru-fiul-sau-in-cursa-prezidentiala-de-anul-viitor","status":"publish","type":"post","link":"https:\/\/microscopemedia.com\/?p=668187","title":{"rendered":"Jair Bolsonaro \u0219i-a anun\u021bat sus\u021binerea pentru fiul s\u0103u \u00een cursa preziden\u021bial\u0103 de anul viitor"},"content":{"rendered":"<div><img decoding=\"async\" src=\"https:\/\/microscopemedia.com\/wp-content\/uploads\/2025\/12\/jair-bolsonaro-si-a-anuntat-sustinerea-pentru-fiul-sau-in-cursa-prezidentiala-de-anul-viitor.jpg\" class=\"ff-og-image-inserted\"><\/div>\n<p id=\"p-0\"><span>\u201eCu angajamentul de a nu permite ca voin\u021ba popular\u0103 s\u0103 fie redus\u0103 la t\u0103cere, iau decizia de a-l nominaliza pe Flavio Bolsonaro drept pre candidat la pre\u0219edin\u021bie \u00een 2026\u201d, nota scrisoare fostului pre\u0219edinte, citit\u0103 de fiul acestuia, joi, \u00een fa\u021ba spitalului unde fostul Jair Bolsonaro se recupereaz\u0103 dup\u0103 o opera\u021bie de hernie.&nbsp;<\/span><\/p>\n<p id=\"p-1\"><span>Flavio Bolsonaro, \u00een v\u00e2rst\u0103 de 44 de ani, a declarat c\u0103 inten\u021bioneaz\u0103 s\u0103 duc\u0103 mai departe mo\u0219tenirea conservatoare a tat\u0103lui s\u0103u \u0219i s\u0103-l \u00eenfrunte pe pre\u0219edintele \u00een exerci\u021biu,&nbsp; Luiz In\u00e1cio Lula da Silva, \u00een cadrul alegerile programate pentru luna octombrie a anului viitor.<\/span><\/p>\n<p id=\"p-2\"><span>Decizia fostului pre\u0219edintele de a-\u0219i sus\u021bine fiul a fost calificat\u0103 drept surprinz\u0103toare, fiind a\u0219teptat ca acesta s\u0103 aleag\u0103 un candidat mai experimentat precum Tarcisio de Freitas, guvernatorul din S\u00e3o Paulo.&nbsp;<\/span><\/p>\n<p id=\"p-3\"><span>\u00cencep\u00e2nd cu finalul lunii noiembrie, Jair Bolsonaro isp\u0103\u0219e\u0219te o pedeaps\u0103 de 27 de ani de \u00eenchisoare, fiind condamnat pentru tentativ\u0103 de lovitur\u0103 de stat, dup\u0103 ce a pierdut alegerile preziden\u021biale din 2022.&nbsp;<\/span><\/p>\n<p id=\"p-4\"><span>Fostul pre\u0219edinte <span><a href=\"https:\/\/www.mediafax.ro\/externe\/fostul-presedinte-brazilian-jair-bolsonaro-a-fost-operat-pentru-o-hernie-inghinala-23663438\">a fost operat<\/a> <\/span>pentru hernie inghinal\u0103. Procedura a fost autorizat\u0103 de judec\u0103torului Cur\u021bii Supreme, Alexandre de Moraes. Autorit\u0103\u021bile au impus m\u0103suri stricte de securitate, inclusiv interdic\u021bia utiliz\u0103rii telefoanelor mobile \u0219i a calculatoarelor \u00een salonul s\u0103u.<\/span><\/p>\n<p id=\"p-5\"><span>Potrivit medicilor, opera\u021bia care a durat trei ore a decurs f\u0103r\u0103 complica\u021bii, \u00eens\u0103 ace\u0219tia au precizat c\u0103 exist\u0103 posibilitatea unei proceduri medicale suplimentare pentru tratarea sughi\u021bului cronic de care sufer\u0103 fostul pre\u0219edinte.&nbsp;<\/span><\/p>\n<p id=\"p-6\">&nbsp;<\/p>\n","protected":false},"excerpt":{"rendered":"<p>\u201eCu angajamentul de a nu permite ca voin\u021ba popular\u0103 s\u0103 fie redus\u0103 la t\u0103cere, iau decizia de a-l nominaliza pe Flavio Bolsonaro drept pre candidat la pre\u0219edin\u021bie \u00een 2026\u201d, nota &hellip; <a href=\"https:\/\/microscopemedia.com\/?p=668187\" class=\"more-link\">Read More<\/a><\/p>\n","protected":false},"author":1,"featured_media":668188,"comment_status":"closed","ping_status":"closed","sticky":false,"template":"Default","format":"standard","meta":[],"categories":[1],"tags":[],"_links":{"self":[{"href":"https:\/\/microscopemedia.com\/index.php?rest_route=\/wp\/v2\/posts\/668187"}],"collection":[{"href":"https:\/\/microscopemedia.com\/index.php?rest_route=\/wp\/v2\/posts"}],"about":[{"href":"https:\/\/microscopemedia.com\/index.php?rest_route=\/wp\/v2\/types\/post"}],"author":[{"embeddable":true,"href":"https:\/\/microscopemedia.com\/index.php?rest_route=\/wp\/v2\/users\/1"}],"replies":[{"embeddable":true,"href":"https:\/\/microscopemedia.com\/index.php?rest_route=%2Fwp%2Fv2%2Fcomments&post=668187"}],"version-history":[{"count":0,"href":"https:\/\/microscopemedia.com\/index.php?rest_route=\/wp\/v2\/posts\/668187\/revisions"}],"wp:featuredmedia":[{"embeddable":true,"href":"https:\/\/microscopemedia.com\/index.php?rest_route=\/wp\/v2\/media\/668188"}],"wp:attachment":[{"href":"https:\/\/microscopemedia.com\/index.php?rest_route=%2Fwp%2Fv2%2Fmedia&parent=668187"}],"wp:term":[{"taxonomy":"category","embeddable":true,"href":"https:\/\/microscopemedia.com\/index.php?rest_route=%2Fwp%2Fv2%2Fcategories&post=668187"},{"taxonomy":"post_tag","embeddable":true,"href":"https:\/\/microscopemedia.com\/index.php?rest_route=%2Fwp%2Fv2%2Ftags&post=668187"}],"curies":[{"name":"wp","href":"https:\/\/api.w.org\/{rel}","templated":true}]}}