{"id":668189,"date":"2025-12-25T22:06:05","date_gmt":"2025-12-25T22:06:05","guid":{"rendered":"https:\/\/microscopemedia.com\/?p=668189"},"modified":"2025-12-25T22:06:05","modified_gmt":"2025-12-25T22:06:05","slug":"un-lider-al-opozitie-ruse-a-fost-condamnat-la-sase-ani-de-inchisoare-pentru-justificarea-terorismului","status":"publish","type":"post","link":"https:\/\/microscopemedia.com\/?p=668189","title":{"rendered":"Un lider al opozi\u021bie ruse a fost condamnat la \u0219ase ani de \u00eenchisoare pentru justificarea terorismului"},"content":{"rendered":"<div><img decoding=\"async\" src=\"https:\/\/microscopemedia.com\/wp-content\/uploads\/2025\/12\/un-lider-al-opozitie-ruse-a-fost-condamnat-la-sase-ani-de-inchisoare-pentru-justificarea-terorismului.jpg\" class=\"ff-og-image-inserted\"><\/div>\n<p id=\"p-0\"><span>Sergei Udal\u021bov, liderul mi\u0219c\u0103rii Frontul de St\u00e2nga, afiliat\u0103 Partidului Comunist, a fost arestat anul trecut.&nbsp;&nbsp;<\/span><\/p>\n<p id=\"p-1\"><span>Presa local\u0103 informeaz\u0103 c\u0103 acesta a fost condamnat dup\u0103 ce a publicat un articol \u00een care \u00ee\u0219i ar\u0103ta sus\u021binerea fa\u021b\u0103 de un&nbsp; un grup de activi\u0219ti ru\u0219i acuza\u021bi de formarea unei organiza\u021bii teroriste. Membrii grupului respectiv au fost condamna\u021bi la pedepse de la 16 la 22 de ani de deten\u021bie.&nbsp;<\/span><\/p>\n<p id=\"p-2\"><span>Udal\u021bov a calificat verdictul drept \u201eru\u0219inos\u201d \u0219i a anun\u021bat c\u0103 va intra \u00een greva foamei.&nbsp;<\/span><\/p>\n<p id=\"p-3\"><span>Pedeapsa urmeaz\u0103 s\u0103 fie fie executat\u0103 \u00eentr-o colonie penal\u0103 de maxim\u0103 securitate.&nbsp;<\/span><\/p>\n<p id=\"p-4\"><span>Sergei Udal\u021bov a ie\u0219it \u00een eviden\u021b\u0103 ca lider al opozi\u021bie \u00een cadrul protestelor din 2011-2012 declan\u0219ate de acuza\u021bii de fraudare a alegerilor parlamentare. \u00cen plus, acesta a f\u0103cut parte dintr-un grup de opozan\u021bi care s-au \u00eent\u00e2lnit cu Dmitrii Medvedev, pre\u0219edintele de atunci.&nbsp;<\/span><\/p>\n<p id=\"p-5\"><span>Aceasta nu este prima condamnare a lui Udal\u021bov. \u00cen 2014, el a fost condamnat la patru ani \u0219i jum\u0103tate de \u00eenchisoare pentru organizarea unui protest \u00eempotriva lui Putin din 2012, soldat cu violen\u021be, fiind eliberat \u00een 2017. <\/span><\/p>\n<p id=\"p-6\"><span>De asemenea, \u00een 2023, a fost condamnat la munc\u0103 \u00een folosul comunit\u0103\u021bii, dup\u0103 ce a \u00eencercat s\u0103 flutur\u0103 un steag cu imaginea lui Stalin, \u00een Pia\u021ba Ro\u0219ie.&nbsp;<\/span><\/p>\n<p id=\"p-7\"><span>De la \u00eenceputul R\u0103zboiului din Ucraina, autorit\u0103\u021bile ruse au intensificat reprimarea opozi\u021biei din Rusia, viz\u00e2nd organiza\u021bii pentru drepturile omului, mass-media independente sau membri ai societ\u0103\u021bii civile.&nbsp;<\/span><\/p>\n","protected":false},"excerpt":{"rendered":"<p>Sergei Udal\u021bov, liderul mi\u0219c\u0103rii Frontul de St\u00e2nga, afiliat\u0103 Partidului Comunist, a fost arestat anul trecut.&nbsp;&nbsp; Presa local\u0103 informeaz\u0103 c\u0103 acesta a fost condamnat dup\u0103 ce a publicat un articol \u00een &hellip; <a href=\"https:\/\/microscopemedia.com\/?p=668189\" class=\"more-link\">Read More<\/a><\/p>\n","protected":false},"author":1,"featured_media":668190,"comment_status":"closed","ping_status":"closed","sticky":false,"template":"Default","format":"standard","meta":[],"categories":[1],"tags":[],"_links":{"self":[{"href":"https:\/\/microscopemedia.com\/index.php?rest_route=\/wp\/v2\/posts\/668189"}],"collection":[{"href":"https:\/\/microscopemedia.com\/index.php?rest_route=\/wp\/v2\/posts"}],"about":[{"href":"https:\/\/microscopemedia.com\/index.php?rest_route=\/wp\/v2\/types\/post"}],"author":[{"embeddable":true,"href":"https:\/\/microscopemedia.com\/index.php?rest_route=\/wp\/v2\/users\/1"}],"replies":[{"embeddable":true,"href":"https:\/\/microscopemedia.com\/index.php?rest_route=%2Fwp%2Fv2%2Fcomments&post=668189"}],"version-history":[{"count":0,"href":"https:\/\/microscopemedia.com\/index.php?rest_route=\/wp\/v2\/posts\/668189\/revisions"}],"wp:featuredmedia":[{"embeddable":true,"href":"https:\/\/microscopemedia.com\/index.php?rest_route=\/wp\/v2\/media\/668190"}],"wp:attachment":[{"href":"https:\/\/microscopemedia.com\/index.php?rest_route=%2Fwp%2Fv2%2Fmedia&parent=668189"}],"wp:term":[{"taxonomy":"category","embeddable":true,"href":"https:\/\/microscopemedia.com\/index.php?rest_route=%2Fwp%2Fv2%2Fcategories&post=668189"},{"taxonomy":"post_tag","embeddable":true,"href":"https:\/\/microscopemedia.com\/index.php?rest_route=%2Fwp%2Fv2%2Ftags&post=668189"}],"curies":[{"name":"wp","href":"https:\/\/api.w.org\/{rel}","templated":true}]}}