{"id":668195,"date":"2025-12-25T23:46:04","date_gmt":"2025-12-25T23:46:04","guid":{"rendered":"https:\/\/microscopemedia.com\/?p=668195"},"modified":"2025-12-25T23:46:04","modified_gmt":"2025-12-25T23:46:04","slug":"franta-doi-jandarmi-au-fost-loviti-de-o-masina-dupa-ce-soferul-a-refuzat-sa-opreasca-la-semnalul-lor","status":"publish","type":"post","link":"https:\/\/microscopemedia.com\/?p=668195","title":{"rendered":"Fran\u021ba: Doi jandarmi au fost lovi\u021bi de o ma\u0219in\u0103 dup\u0103 ce \u0219oferul a refuzat s\u0103 opreasc\u0103 la semnalul lor"},"content":{"rendered":"<div><img decoding=\"async\" src=\"https:\/\/microscopemedia.com\/wp-content\/uploads\/2025\/12\/franta-doi-jandarmi-au-fost-loviti-de-o-masina-dupa-ce-soferul-a-refuzat-sa-opreasca-la-semnalul-lor.jpg\" class=\"ff-og-image-inserted\"><\/div>\n<p id=\"p-0\"><span>Incidentul s-a petrecut \u00een timpul unei interven\u021bii a jandarmeriei, c\u00e2nd conduc\u0103torul auto a ignorat semnalele autorit\u0103\u021bilor \u0219i a intrat \u00een ace\u0219tia cu ma\u0219ina.&nbsp;<\/span><\/p>\n<p id=\"p-1\"><span>Evenimentul petrecut \u00eentr-o comun\u0103 din nord estul Fran\u021bei a fost confirmat de ministrul de Interne de la Paris, Laurent Nu\u00f1ez.&nbsp;<\/span><\/p>\n<p id=\"p-2\"><span>Acesta a precizat c\u0103 starea jandarmilor nu este grav\u0103 \u0219i c\u0103 ace\u0219tia se afl\u0103 \u00een grija cadrelor medicale.&nbsp;<\/span><\/p>\n<p id=\"p-3\"><span>\u0218oferul responsabil de incident a fugit de la fa\u021ba locului. \u201e<\/span><span>Condamn cu fermitate acest act grav, care pune \u00een pericol \u00een mod deliberat via\u021ba celor care ne protejeaz\u0103. Se depun toate eforturile pentru a g\u0103si fugarul\u201d, a mai transmis <\/span><span>Nu\u00f1ez, joi, printr-un mesaj publicat pe platforma X (fosta Twitter). <\/span><span>&nbsp;<\/span><span>&nbsp;<\/span><\/p>\n","protected":false},"excerpt":{"rendered":"<p>Incidentul s-a petrecut \u00een timpul unei interven\u021bii a jandarmeriei, c\u00e2nd conduc\u0103torul auto a ignorat semnalele autorit\u0103\u021bilor \u0219i a intrat \u00een ace\u0219tia cu ma\u0219ina.&nbsp; Evenimentul petrecut \u00eentr-o comun\u0103 din nord estul &hellip; <a href=\"https:\/\/microscopemedia.com\/?p=668195\" class=\"more-link\">Read More<\/a><\/p>\n","protected":false},"author":1,"featured_media":668196,"comment_status":"closed","ping_status":"closed","sticky":false,"template":"Default","format":"standard","meta":[],"categories":[1],"tags":[],"_links":{"self":[{"href":"https:\/\/microscopemedia.com\/index.php?rest_route=\/wp\/v2\/posts\/668195"}],"collection":[{"href":"https:\/\/microscopemedia.com\/index.php?rest_route=\/wp\/v2\/posts"}],"about":[{"href":"https:\/\/microscopemedia.com\/index.php?rest_route=\/wp\/v2\/types\/post"}],"author":[{"embeddable":true,"href":"https:\/\/microscopemedia.com\/index.php?rest_route=\/wp\/v2\/users\/1"}],"replies":[{"embeddable":true,"href":"https:\/\/microscopemedia.com\/index.php?rest_route=%2Fwp%2Fv2%2Fcomments&post=668195"}],"version-history":[{"count":0,"href":"https:\/\/microscopemedia.com\/index.php?rest_route=\/wp\/v2\/posts\/668195\/revisions"}],"wp:featuredmedia":[{"embeddable":true,"href":"https:\/\/microscopemedia.com\/index.php?rest_route=\/wp\/v2\/media\/668196"}],"wp:attachment":[{"href":"https:\/\/microscopemedia.com\/index.php?rest_route=%2Fwp%2Fv2%2Fmedia&parent=668195"}],"wp:term":[{"taxonomy":"category","embeddable":true,"href":"https:\/\/microscopemedia.com\/index.php?rest_route=%2Fwp%2Fv2%2Fcategories&post=668195"},{"taxonomy":"post_tag","embeddable":true,"href":"https:\/\/microscopemedia.com\/index.php?rest_route=%2Fwp%2Fv2%2Ftags&post=668195"}],"curies":[{"name":"wp","href":"https:\/\/api.w.org\/{rel}","templated":true}]}}