{"id":668201,"date":"2025-12-26T02:26:04","date_gmt":"2025-12-26T02:26:04","guid":{"rendered":"https:\/\/microscopemedia.com\/?p=668201"},"modified":"2025-12-26T02:26:04","modified_gmt":"2025-12-26T02:26:04","slug":"o-instanta-federala-blocheaza-deportarea-activistului-britanic-anti-dezinformare-imran-ahmed","status":"publish","type":"post","link":"https:\/\/microscopemedia.com\/?p=668201","title":{"rendered":"O instan\u021b\u0103 federal\u0103 blocheaz\u0103 deportarea activistului britanic anti-dezinformare Imran Ahmed"},"content":{"rendered":"<div><img decoding=\"async\" src=\"https:\/\/microscopemedia.com\/wp-content\/uploads\/2025\/12\/o-instanta-federala-blocheaza-deportarea-activistului-britanic-anti-dezinformare-imran-ahmed.jpg\" class=\"ff-og-image-inserted\"><\/div>\n<p id=\"p-0\"><span>Judec\u0103torul districtual Vernon Broderick a&nbsp; emis un ordin de restric\u021bie temporar\u0103 care blocheaz\u0103 re\u021binerea sau deportarea lui Ahmed p\u00e2n\u0103 c\u00e2nd cazul s\u0103u nu va fi sus\u021binut \u00een fa\u021ba unei instan\u021be. Acesta a programat pentru luni o \u00eent\u00e2lnire \u00eentre p\u0103r\u021bile implicate \u00een proces, noteaz\u0103 Reuters.&nbsp;<\/span><\/p>\n<p id=\"p-1\"><span><span><a href=\"https:\/\/www.mediafax.ro\/stirile-zilei\/statele-unite-sanctioneaza-un-fost-comisar-european-sub-acuzatia-de-cenzurarea-platformelor-americane-23662880\">Mar\u021bi<\/a><\/span>, guvernul federal a impus interdic\u021bii de viz\u0103 lui Imran Ahmed \u0219i altor patru cet\u0103\u021beni europeni printre care \u0219i Thierry Breton, fost comisar european. Decizia a fost motivat\u0103 prin implicarea celor cinci \u00een limitarea libert\u0103\u021bii de exprimare prin reglementarea companiilor americane.&nbsp;<\/span><\/p>\n<p id=\"p-2\"><span>Ahmed, rezident permanent \u00een SUA este CEO al Centrul pentru Combaterea Discursului de Ur\u0103 \u00een Mediul Online, este singurul dintre cei cinci care locuie\u0219te \u00een Statele Unite.&nbsp;<\/span><\/p>\n<p id=\"p-3\"><span>Secretarul de Stat, Marco Rubio, a precizat c\u0103 cei cinci viza\u021bi de m\u0103suri ar risca deportarea, astfel Ahmed ar putea s\u0103 fie separat de so\u021bia \u0219i copilul s\u0103u, ambii cet\u0103\u021beni americani.&nbsp;<\/span><\/p>\n<p id=\"p-4\"><span>Activistul a l\u0103udat sistemul juridic american \u0219i a declarat: \u201eNu m\u0103 voi l\u0103sa intimidat \u0219i nu voi renun\u021ba la munca vie\u021bii mele de a lupta pentru protejarea copiilor de pericolele re\u021belelor de socializare \u0219i pentru oprirea antisemitismului \u00een mediul online\u201d.&nbsp;<\/span><\/p>\n<p id=\"p-5\"><span>Reziden\u021bii permanen\u021bi legali, cum este Ahmed, nu au nevoie de viz\u0103 pentru a r\u0103m\u00e2ne \u00een SUA, dar administra\u021bia Trump a \u00eencercat anterior s\u0103-i deportateze pe unii dintre ace\u0219tia, printre care \u0219i Mahmoud Khalil, implicat \u00een proteste pro-palestiniene.<\/span><\/p>\n<p id=\"p-6\">&nbsp;<\/p>\n","protected":false},"excerpt":{"rendered":"<p>Judec\u0103torul districtual Vernon Broderick a&nbsp; emis un ordin de restric\u021bie temporar\u0103 care blocheaz\u0103 re\u021binerea sau deportarea lui Ahmed p\u00e2n\u0103 c\u00e2nd cazul s\u0103u nu va fi sus\u021binut \u00een fa\u021ba unei instan\u021be. &hellip; <a href=\"https:\/\/microscopemedia.com\/?p=668201\" class=\"more-link\">Read More<\/a><\/p>\n","protected":false},"author":1,"featured_media":668202,"comment_status":"closed","ping_status":"closed","sticky":false,"template":"Default","format":"standard","meta":[],"categories":[1],"tags":[],"_links":{"self":[{"href":"https:\/\/microscopemedia.com\/index.php?rest_route=\/wp\/v2\/posts\/668201"}],"collection":[{"href":"https:\/\/microscopemedia.com\/index.php?rest_route=\/wp\/v2\/posts"}],"about":[{"href":"https:\/\/microscopemedia.com\/index.php?rest_route=\/wp\/v2\/types\/post"}],"author":[{"embeddable":true,"href":"https:\/\/microscopemedia.com\/index.php?rest_route=\/wp\/v2\/users\/1"}],"replies":[{"embeddable":true,"href":"https:\/\/microscopemedia.com\/index.php?rest_route=%2Fwp%2Fv2%2Fcomments&post=668201"}],"version-history":[{"count":0,"href":"https:\/\/microscopemedia.com\/index.php?rest_route=\/wp\/v2\/posts\/668201\/revisions"}],"wp:featuredmedia":[{"embeddable":true,"href":"https:\/\/microscopemedia.com\/index.php?rest_route=\/wp\/v2\/media\/668202"}],"wp:attachment":[{"href":"https:\/\/microscopemedia.com\/index.php?rest_route=%2Fwp%2Fv2%2Fmedia&parent=668201"}],"wp:term":[{"taxonomy":"category","embeddable":true,"href":"https:\/\/microscopemedia.com\/index.php?rest_route=%2Fwp%2Fv2%2Fcategories&post=668201"},{"taxonomy":"post_tag","embeddable":true,"href":"https:\/\/microscopemedia.com\/index.php?rest_route=%2Fwp%2Fv2%2Ftags&post=668201"}],"curies":[{"name":"wp","href":"https:\/\/api.w.org\/{rel}","templated":true}]}}