{"id":668203,"date":"2025-12-26T03:06:04","date_gmt":"2025-12-26T03:06:04","guid":{"rendered":"https:\/\/microscopemedia.com\/?p=668203"},"modified":"2025-12-26T03:06:04","modified_gmt":"2025-12-26T03:06:04","slug":"procurorii-cer-10-ani-de-inchisoare-pentru-fostul-presedinte-sud-coreean-yoon-suk-yeol","status":"publish","type":"post","link":"https:\/\/microscopemedia.com\/?p=668203","title":{"rendered":"Procurorii cer 10 ani de \u00eenchisoare pentru fostul pre\u0219edinte sud-coreean Yoon Suk Yeol"},"content":{"rendered":"<div><img decoding=\"async\" src=\"https:\/\/microscopemedia.com\/wp-content\/uploads\/2025\/12\/procurorii-cer-10-ani-de-inchisoare-pentru-fostul-presedinte-sud-coreean-yoon-suk-yeol.jpg\" class=\"ff-og-image-inserted\"><\/div>\n<p id=\"p-0\"><span>Solicitarea a fost formulat\u0103 de echipa condus\u0103 de procurorul special Cho Eun-suk, \u00een cadrul \u0219edin\u021bei finale de vineri a procesului desf\u0103\u0219urat la Tribunalul Central din Seul.<\/span><\/p>\n<p id=\"p-1\"><span>Fostul \u0219ef de stat este acuzat c\u0103 ar fi \u00eempiedicat anchetatorii s\u0103 \u00eel re\u021bin\u0103 \u00een luna ianuarie, c\u0103&nbsp; ar fi \u00eenc\u0103lcat drepturile a nou\u0103 membri ai Cabinetului care nu au fost convoca\u021bi la o reuniune privind planul de instituire a legii mar\u021biale \u0219i pentru c\u0103 ar fi ar fi redactat, apoi distrus, o versiune revizuit\u0103 a decretului de impunere a legii mar\u021biale dup\u0103 ce acesta ar fi fost suspendat.&nbsp;<\/span><\/p>\n<p id=\"p-2\"><span>Yoon este judecat \u0219i \u00een alte trei procese. Cea mai grav\u0103 acuza\u021bie care i se aduce este c\u0103 acesta ar fi condus o insurec\u021bie.&nbsp;<\/span><\/p>\n<p id=\"p-3\"><span>Procesul privind obstruc\u021bionarea justi\u021biei este primul care urmeaz\u0103 s\u0103 se \u00eencheie. Instan\u021ba a indicat anterior c\u0103 verdictul ar putea fi pronun\u021bat pe 16 ianuarie, iar \u00een procesul privind acuza\u021biile de insurec\u021bie, Yoon ar putea s\u0103 \u00ee\u0219i afle verdictul \u00een luna februarie.&nbsp;<\/span><\/p>\n<p id=\"p-4\">&nbsp;<\/p>\n","protected":false},"excerpt":{"rendered":"<p>Solicitarea a fost formulat\u0103 de echipa condus\u0103 de procurorul special Cho Eun-suk, \u00een cadrul \u0219edin\u021bei finale de vineri a procesului desf\u0103\u0219urat la Tribunalul Central din Seul. Fostul \u0219ef de stat &hellip; <a href=\"https:\/\/microscopemedia.com\/?p=668203\" class=\"more-link\">Read More<\/a><\/p>\n","protected":false},"author":1,"featured_media":668204,"comment_status":"closed","ping_status":"closed","sticky":false,"template":"Default","format":"standard","meta":[],"categories":[1],"tags":[],"_links":{"self":[{"href":"https:\/\/microscopemedia.com\/index.php?rest_route=\/wp\/v2\/posts\/668203"}],"collection":[{"href":"https:\/\/microscopemedia.com\/index.php?rest_route=\/wp\/v2\/posts"}],"about":[{"href":"https:\/\/microscopemedia.com\/index.php?rest_route=\/wp\/v2\/types\/post"}],"author":[{"embeddable":true,"href":"https:\/\/microscopemedia.com\/index.php?rest_route=\/wp\/v2\/users\/1"}],"replies":[{"embeddable":true,"href":"https:\/\/microscopemedia.com\/index.php?rest_route=%2Fwp%2Fv2%2Fcomments&post=668203"}],"version-history":[{"count":0,"href":"https:\/\/microscopemedia.com\/index.php?rest_route=\/wp\/v2\/posts\/668203\/revisions"}],"wp:featuredmedia":[{"embeddable":true,"href":"https:\/\/microscopemedia.com\/index.php?rest_route=\/wp\/v2\/media\/668204"}],"wp:attachment":[{"href":"https:\/\/microscopemedia.com\/index.php?rest_route=%2Fwp%2Fv2%2Fmedia&parent=668203"}],"wp:term":[{"taxonomy":"category","embeddable":true,"href":"https:\/\/microscopemedia.com\/index.php?rest_route=%2Fwp%2Fv2%2Fcategories&post=668203"},{"taxonomy":"post_tag","embeddable":true,"href":"https:\/\/microscopemedia.com\/index.php?rest_route=%2Fwp%2Fv2%2Ftags&post=668203"}],"curies":[{"name":"wp","href":"https:\/\/api.w.org\/{rel}","templated":true}]}}