{"id":668229,"date":"2025-12-26T07:46:05","date_gmt":"2025-12-26T07:46:05","guid":{"rendered":"https:\/\/microscopemedia.com\/?p=668229"},"modified":"2025-12-26T07:46:05","modified_gmt":"2025-12-26T07:46:05","slug":"felipe-caicedo-bate-in-retragere-dupa-uciderea-coechipierului-sau-nu-mai-vreau-sa-stiu-nimic-despre-fotbal","status":"publish","type":"post","link":"https:\/\/microscopemedia.com\/?p=668229","title":{"rendered":"Felipe Caicedo bate \u00een retragere dup\u0103 uciderea coechipierului s\u0103u: \u201eNu mai vreau s\u0103 \u0219tiu nimic despre fotbal\u201d"},"content":{"rendered":"<div><img decoding=\"async\" src=\"https:\/\/microscopemedia.com\/wp-content\/uploads\/2025\/12\/felipe-caicedo-bate-in-retragere-dupa-uciderea-coechipierului-sau-nu-mai-vreau-sa-stiu-nimic-despre-fotbal.jpg\" class=\"ff-og-image-inserted\"><\/div>\n<h2 id=\"chapter-0\">Tragedie \u00een Ecuador: fotbalistul Mario Pineida, \u00eempu\u0219cat mortal<\/h2>\n<p id=\"p-0\">Pe 18 decembrie, \u00een plin\u0103 zi, \u00een ora\u0219ul Guayaquil, Mario Pineida, \u00een v\u00e2rst\u0103 de 33 de ani, de la Barcelona Sporting Club, a fost \u00eempu\u0219cat mortal \u00eempreun\u0103 cu so\u021bia sa. \u0218tirea <a href=\"https:\/\/www.mediafax.ro\/sport\/fotbalistul-ecuadorian-mario-pineida-a-fost-asasinat-in-orasul-guayaquil-23660206\">a \u0219ocat<\/a> Ecuadorul \u0219i l-a marcat profund pe Caicedo.<\/p>\n<h2 id=\"chapter-1\">\u201eMoartea lui Pineida m-a afectat profund\u201d<\/h2>\n<p id=\"p-1\">Fotbalistul ecuadorian \u00een v\u00e2rst\u0103 de 37 de ani a declarat: \u201eCel mai probabil m\u0103 voi retrage. Nu am inten\u021bia s\u0103 continui. Moartea lui Mario Pineida m-a afectat profund \u0219i nu vreau s\u0103 mai \u0219tiu nimic despre fotbal. Nu voi r\u0103m\u00e2ne la Barcelona\u201d, scrie <a href=\"https:\/\/www.gazzetta.it\/Calcio\/Estero\/25-12-2025\/felipe-caicedo-si-ritira-dopo-l-omicidio-del-compagno-pineida.shtml\">Gazzetta dello Sport<\/a>.<\/p>\n<p id=\"p-2\">Caicedo a explicat c\u0103 decizia de a veni \u00een Ecuador a fost una emo\u021bional\u0103: \u201eSunt un om care tr\u0103ie\u0219te clipa \u0219i c\u00e2nd am decis s\u0103 vin aici, am f\u0103cut-o mai mult cu inima dec\u00e2t cu capul. Am venit aici mai mult cu inima dec\u00e2t cu mintea, iar ceea ce s-a \u00eent\u00e2mplat m-a afectat profund\u201d.<\/p>\n<h2 id=\"chapter-2\">O carier\u0103 de succes \u00een fotbalul european<\/h2>\n<p id=\"p-3\">Felipe Caicedo a avut o carier\u0103 remarcabil\u0103 \u00een fotbalul european, evolu\u00e2nd pentru cluburi importante precum Lazio, Inter \u0219i Genoa. Atacantul ecuadorian s-a \u00eentors \u00een \u021bara natal\u0103 pentru a juca la Barcelona de Guayaquil, dar tragedia care l-a lovit pe Mario Pineida i-a schimbat complet perspectiva asupra fotbalului.<\/p>\n","protected":false},"excerpt":{"rendered":"<p>Tragedie \u00een Ecuador: fotbalistul Mario Pineida, \u00eempu\u0219cat mortal Pe 18 decembrie, \u00een plin\u0103 zi, \u00een ora\u0219ul Guayaquil, Mario Pineida, \u00een v\u00e2rst\u0103 de 33 de ani, de la Barcelona Sporting Club, &hellip; <a href=\"https:\/\/microscopemedia.com\/?p=668229\" class=\"more-link\">Read More<\/a><\/p>\n","protected":false},"author":1,"featured_media":668230,"comment_status":"closed","ping_status":"closed","sticky":false,"template":"Default","format":"standard","meta":[],"categories":[1],"tags":[],"_links":{"self":[{"href":"https:\/\/microscopemedia.com\/index.php?rest_route=\/wp\/v2\/posts\/668229"}],"collection":[{"href":"https:\/\/microscopemedia.com\/index.php?rest_route=\/wp\/v2\/posts"}],"about":[{"href":"https:\/\/microscopemedia.com\/index.php?rest_route=\/wp\/v2\/types\/post"}],"author":[{"embeddable":true,"href":"https:\/\/microscopemedia.com\/index.php?rest_route=\/wp\/v2\/users\/1"}],"replies":[{"embeddable":true,"href":"https:\/\/microscopemedia.com\/index.php?rest_route=%2Fwp%2Fv2%2Fcomments&post=668229"}],"version-history":[{"count":0,"href":"https:\/\/microscopemedia.com\/index.php?rest_route=\/wp\/v2\/posts\/668229\/revisions"}],"wp:featuredmedia":[{"embeddable":true,"href":"https:\/\/microscopemedia.com\/index.php?rest_route=\/wp\/v2\/media\/668230"}],"wp:attachment":[{"href":"https:\/\/microscopemedia.com\/index.php?rest_route=%2Fwp%2Fv2%2Fmedia&parent=668229"}],"wp:term":[{"taxonomy":"category","embeddable":true,"href":"https:\/\/microscopemedia.com\/index.php?rest_route=%2Fwp%2Fv2%2Fcategories&post=668229"},{"taxonomy":"post_tag","embeddable":true,"href":"https:\/\/microscopemedia.com\/index.php?rest_route=%2Fwp%2Fv2%2Ftags&post=668229"}],"curies":[{"name":"wp","href":"https:\/\/api.w.org\/{rel}","templated":true}]}}