{"id":668237,"date":"2025-12-26T08:36:04","date_gmt":"2025-12-26T08:36:04","guid":{"rendered":"https:\/\/microscopemedia.com\/?p=668237"},"modified":"2025-12-26T08:36:04","modified_gmt":"2025-12-26T08:36:04","slug":"prognoza-meteo-bucuresti-vant-puternic-duminica-temperaturi-de-pana-la-7-grade","status":"publish","type":"post","link":"https:\/\/microscopemedia.com\/?p=668237","title":{"rendered":"Prognoza meteo Bucure\u0219ti: V\u00e2nt puternic duminic\u0103, temperaturi de p\u00e2n\u0103 la 7 grade"},"content":{"rendered":"<div><img decoding=\"async\" src=\"https:\/\/microscopemedia.com\/wp-content\/uploads\/2025\/12\/prognoza-meteo-bucuresti-vant-puternic-duminica-temperaturi-de-pana-la-7-grade.jpg\" class=\"ff-og-image-inserted\"><\/div>\n<p class=\"font-claude-response-body break-words whitespace-normal leading-[1.7]\" id=\"p-0\">Municipiul Bucure\u0219ti se va afla sub inciden\u021ba unei inform\u0103ri meteorologice pentru intensific\u0103ri ale v\u00e2ntului pe parcursul zilei de duminic\u0103.<\/p>\n<h2 class=\"text-text-100 mt-3 -mb-1 text-[1.125rem] font-bold\" id=\"chapter-0\">Vineri \u0219i s\u00e2mb\u0103t\u0103 diminea\u021b\u0103: cea\u021b\u0103 cu chiciur\u0103<\/h2>\n<p class=\"font-claude-response-body break-words whitespace-normal leading-[1.7]\" id=\"p-1\">\u00cen intervalul <a href=\"https:\/\/www.mediafax.ro\/social\/patru-zile-de-viscol-polei-si-ninsori-rafale-de-130-km-h-in-carpati-23663538\">26 decembrie, ora 10:00 \u2013 27 decembrie, ora 08:00<\/a>, \u00een Bucure\u0219ti cerul va fi variabil, cu \u00eennor\u0103ri seara \u0219i noaptea. V\u00e2ntul va sufla slab \u0219i moderat, cu viteze de p\u00e2n\u0103 la 30 km\/h \u00een timpul zilei. Temperatura maxim\u0103 va fi de 2-3 grade, iar cea minim\u0103 de -6\u2026-3 grade. \u00cen a doua parte a intervalului va fi cea\u021b\u0103 cu depunere de chiciur\u0103.<\/p>\n<h2 class=\"text-text-100 mt-3 -mb-1 text-[1.125rem] font-bold\" id=\"chapter-1\">Meteo Bucure\u0219ti: S\u00e2mb\u0103t\u0103: cea\u021b\u0103 sau nori jo\u0219i diminea\u021ba<\/h2>\n<p class=\"font-claude-response-body break-words whitespace-normal leading-[1.7]\" id=\"p-2\">\u00cen intervalul 27 decembrie, ora 08:00 \u2013 28 decembrie, ora 08:00, cerul va fi variabil, cu probabilitate mare de cea\u021b\u0103 sau nori jo\u0219i diminea\u021ba. V\u00e2ntul va sufla slab \u0219i moderat. Temperatura maxim\u0103 se va situa \u00een jurul a 3 grade, iar cea minim\u0103 va fi de -5\u2026-2 grade.<\/p>\n<h2 class=\"text-text-100 mt-3 -mb-1 text-[1.125rem] font-bold\" id=\"chapter-2\">Duminic\u0103: v\u00e2nt puternic \u0219i temperaturi mai ridicate<\/h2>\n<p class=\"font-claude-response-body break-words whitespace-normal leading-[1.7]\" id=\"p-3\">\u00cen intervalul 28 decembrie, ora 08:00 \u2013 29 decembrie, ora 10:00, cerul va fi variabil la Bucure\u0219ti, iar v\u00e2ntul va avea intensific\u0103ri cu viteze \u00een general de 40-45 km\/h. Temperatura maxim\u0103 va fi de 5-7 grade, iar minima de -4\u2026-2 grade.<\/p>\n","protected":false},"excerpt":{"rendered":"<p>Municipiul Bucure\u0219ti se va afla sub inciden\u021ba unei inform\u0103ri meteorologice pentru intensific\u0103ri ale v\u00e2ntului pe parcursul zilei de duminic\u0103. Vineri \u0219i s\u00e2mb\u0103t\u0103 diminea\u021b\u0103: cea\u021b\u0103 cu chiciur\u0103 \u00cen intervalul 26 decembrie, &hellip; <a href=\"https:\/\/microscopemedia.com\/?p=668237\" class=\"more-link\">Read More<\/a><\/p>\n","protected":false},"author":1,"featured_media":668238,"comment_status":"closed","ping_status":"closed","sticky":false,"template":"Default","format":"standard","meta":[],"categories":[1],"tags":[],"_links":{"self":[{"href":"https:\/\/microscopemedia.com\/index.php?rest_route=\/wp\/v2\/posts\/668237"}],"collection":[{"href":"https:\/\/microscopemedia.com\/index.php?rest_route=\/wp\/v2\/posts"}],"about":[{"href":"https:\/\/microscopemedia.com\/index.php?rest_route=\/wp\/v2\/types\/post"}],"author":[{"embeddable":true,"href":"https:\/\/microscopemedia.com\/index.php?rest_route=\/wp\/v2\/users\/1"}],"replies":[{"embeddable":true,"href":"https:\/\/microscopemedia.com\/index.php?rest_route=%2Fwp%2Fv2%2Fcomments&post=668237"}],"version-history":[{"count":0,"href":"https:\/\/microscopemedia.com\/index.php?rest_route=\/wp\/v2\/posts\/668237\/revisions"}],"wp:featuredmedia":[{"embeddable":true,"href":"https:\/\/microscopemedia.com\/index.php?rest_route=\/wp\/v2\/media\/668238"}],"wp:attachment":[{"href":"https:\/\/microscopemedia.com\/index.php?rest_route=%2Fwp%2Fv2%2Fmedia&parent=668237"}],"wp:term":[{"taxonomy":"category","embeddable":true,"href":"https:\/\/microscopemedia.com\/index.php?rest_route=%2Fwp%2Fv2%2Fcategories&post=668237"},{"taxonomy":"post_tag","embeddable":true,"href":"https:\/\/microscopemedia.com\/index.php?rest_route=%2Fwp%2Fv2%2Ftags&post=668237"}],"curies":[{"name":"wp","href":"https:\/\/api.w.org\/{rel}","templated":true}]}}