{"id":668241,"date":"2025-12-26T09:06:04","date_gmt":"2025-12-26T09:06:04","guid":{"rendered":"https:\/\/microscopemedia.com\/?p=668241"},"modified":"2025-12-26T09:06:04","modified_gmt":"2025-12-26T09:06:04","slug":"s-a-aflat-cauza-mortii-cantaretului-de-muzica-populara-ion-dragan-s-a-stins-in-prima-zi-de-craciun-la-doar-54-de-ani","status":"publish","type":"post","link":"https:\/\/microscopemedia.com\/?p=668241","title":{"rendered":"S-a aflat cauza mor\u021bii c\u00e2nt\u0103re\u021bului de muzic\u0103 populara Ion Dr\u0103gan. S-a stins \u00een prima zi de Cr\u0103ciun, la doar 54 de ani"},"content":{"rendered":"<div><img decoding=\"async\" src=\"https:\/\/microscopemedia.com\/wp-content\/uploads\/2025\/12\/s-a-aflat-cauza-mortii-cantaretului-de-muzica-populara-ion-dragan-s-a-stins-in-prima-zi-de-craciun-la-doar-54-de-ani.jpg\" class=\"ff-og-image-inserted\"><\/div>\n<p id=\"p-0\">Interpretul de muzic\u0103 popular\u0103 Ion Dr\u0103gan, \u00een v\u00e2rst\u0103 de 54 de ani, a murit \u00een urma unui <strong>infarct, chiar \u00een prima zi de Cr\u0103ciun, potrivit primei explica\u021bii oficiale, scrie <a href=\"https:\/\/www.cancan.ro\/cauza-mortii-lui-ion-dragan-cine-l-a-gasit-fara-suflare-in-noaptea-de-craciun-de-fapt-21332578?utm_source=MEDIAFAX&amp;utm_medium=FB&amp;utm_campaign=fb\" target=\"_blank\" rel=\"noopener\">Cancan<\/a><\/strong>.<\/p>\n<p id=\"p-1\">Artistul a fost g\u0103sit f\u0103r\u0103 via\u021b\u0103 \u00een locuin\u021ba sa din comuna B\u0103le\u0219ti, jude\u021bul Gorj, de c\u0103tre tat\u0103l s\u0103u, dup\u0103 ce, \u00een noaptea de Cr\u0103ciun, vorbise la telefon cu dirijorul orchestrei Ansamblului Profesionist \u201eDoina Gorjului\u201d.<\/p>\n<p id=\"p-2\">Ultimul mesaj postat pe Facebook, cu doar o zi \u00eenainte, obi\u0219nuia s\u0103 fie o simpl\u0103 urare de s\u0103rb\u0103tori, dar acum are o semnifica\u021bie emo\u021bionant\u0103 pentru fanii s\u0103i:<\/p>\n<p id=\"p-3\">\u201eUn Cr\u0103ciun Fericit! S\u0103 ave\u021bi prieteni cu s\u0103n\u0103tate \u0219i noroc \u00een toate s\u0103 ave\u021bi\u201d.<\/p>\n<p id=\"p-4\">Centrul Jude\u021bean pentru Conservarea \u0219i Promovarea Culturii Tradi\u021bionale Gorj a transmis un mesaj oficial de condolean\u021be:<\/p>\n<p id=\"p-5\"><em>\u201e<a href=\"https:\/\/www.mediafax.ro\/social\/doliu-in-muzica-populara-romaneasca-ion-dragan-a-murit-in-ziua-de-craciun-la-54-de-ani-artistul-ar-fi-fost-gasit-fara-suflare-de-tatal-sau-23663371\">Ion Dr\u0103gan<\/a> nu a alergat dup\u0103 glorie, ci a dorit, mai presus de toate, s\u0103 c\u00e2\u0219tige dragostea \u0219i respectul publicului. Muzica popular\u0103 rom\u00e2neasc\u0103 a pierdut un mare nume, un artist dedicat \u0219i un om care a tr\u0103it prin \u0219i pentru c\u00e2ntec.\u201d<\/em><\/p>\n<p id=\"p-6\">\u00cenmorm\u00e2ntarea va avea loc la Cimitirul din B\u0103le\u0219ti, iar familia invit\u0103 prietenii, colegii \u0219i fanii s\u0103 \u00ee\u0219i ia r\u0103mas-bun \u00een cadrul unei ceremonii restr\u00e2nse, care va respecta dorin\u021ba apropia\u021bilor de a p\u0103stra intimitatea momentului.<\/p>\n<p id=\"p-7\">Vestea mor\u021bii lui Ion Dr\u0103gan a generat un val de mesaje emo\u021bionante din partea fanilor \u0219i colegilor de breasl\u0103, mul\u021bi exprim\u00e2ndu-\u0219i incredulitatea \u0219i triste\u021bea \u00een mediul online.<\/p>\n<p id=\"p-8\">&nbsp;<\/p>\n","protected":false},"excerpt":{"rendered":"<p>Interpretul de muzic\u0103 popular\u0103 Ion Dr\u0103gan, \u00een v\u00e2rst\u0103 de 54 de ani, a murit \u00een urma unui infarct, chiar \u00een prima zi de Cr\u0103ciun, potrivit primei explica\u021bii oficiale, scrie Cancan. &hellip; <a href=\"https:\/\/microscopemedia.com\/?p=668241\" class=\"more-link\">Read More<\/a><\/p>\n","protected":false},"author":1,"featured_media":668242,"comment_status":"closed","ping_status":"closed","sticky":false,"template":"Default","format":"standard","meta":[],"categories":[1],"tags":[],"_links":{"self":[{"href":"https:\/\/microscopemedia.com\/index.php?rest_route=\/wp\/v2\/posts\/668241"}],"collection":[{"href":"https:\/\/microscopemedia.com\/index.php?rest_route=\/wp\/v2\/posts"}],"about":[{"href":"https:\/\/microscopemedia.com\/index.php?rest_route=\/wp\/v2\/types\/post"}],"author":[{"embeddable":true,"href":"https:\/\/microscopemedia.com\/index.php?rest_route=\/wp\/v2\/users\/1"}],"replies":[{"embeddable":true,"href":"https:\/\/microscopemedia.com\/index.php?rest_route=%2Fwp%2Fv2%2Fcomments&post=668241"}],"version-history":[{"count":0,"href":"https:\/\/microscopemedia.com\/index.php?rest_route=\/wp\/v2\/posts\/668241\/revisions"}],"wp:featuredmedia":[{"embeddable":true,"href":"https:\/\/microscopemedia.com\/index.php?rest_route=\/wp\/v2\/media\/668242"}],"wp:attachment":[{"href":"https:\/\/microscopemedia.com\/index.php?rest_route=%2Fwp%2Fv2%2Fmedia&parent=668241"}],"wp:term":[{"taxonomy":"category","embeddable":true,"href":"https:\/\/microscopemedia.com\/index.php?rest_route=%2Fwp%2Fv2%2Fcategories&post=668241"},{"taxonomy":"post_tag","embeddable":true,"href":"https:\/\/microscopemedia.com\/index.php?rest_route=%2Fwp%2Fv2%2Ftags&post=668241"}],"curies":[{"name":"wp","href":"https:\/\/api.w.org\/{rel}","templated":true}]}}