{"id":668267,"date":"2025-12-26T11:36:04","date_gmt":"2025-12-26T11:36:04","guid":{"rendered":"https:\/\/microscopemedia.com\/?p=668267"},"modified":"2025-12-26T11:36:04","modified_gmt":"2025-12-26T11:36:04","slug":"dramaturgul-radu-f-alexandru-s-a-stins-din-viata-in-a-doua-zi-de-craciun-tnb-lasa-in-urma-o-prodigioasa-creatie-dramaturgica-si-cinematografica","status":"publish","type":"post","link":"https:\/\/microscopemedia.com\/?p=668267","title":{"rendered":"Dramaturgul Radu F. Alexandru s-a stins din via\u021b\u0103 \u00een a doua zi de Cr\u0103ciun. TNB: \u201eLas\u0103 \u00een urm\u0103 o prodigioas\u0103 crea\u021bie dramaturgic\u0103 \u0219i cinematografic\u0103\u201d"},"content":{"rendered":"<div><img decoding=\"async\" src=\"https:\/\/microscopemedia.com\/wp-content\/uploads\/2025\/12\/dramaturgul-radu-f-alexandru-s-a-stins-din-viata-in-a-doua-zi-de-craciun-tnb-lasa-in-urma-o-prodigioasa-creatie-dramaturgica-si-cinematografica.jpg\" class=\"ff-og-image-inserted\"><\/div>\n<p id=\"p-0\">Teatrul Na\u0163ional \u201eI. L. Caragiale\u201d Bucure\u015fti depl\u00e2nge dispari\u021bia dramaturgului Radu F. Alexandru, care a decedat \u00een diminea\u021ba zilei de 26 decembrie,la 82 de ani, dup\u0103 o lung\u0103 suferin\u021b\u0103.<\/p>\n<blockquote readability=\"10\">\n<p id=\"p-1\">\u201eLas\u0103 \u00een urm\u0103 o prodigioas\u0103 crea\u021bie dramaturgic\u0103 \u0219i cinematografic\u0103, fiind unul dintre cei mai juca\u021bi autori dramatici, pe scenele unor teatre din Bucure\u0219ti \u0219i din \u021bar\u0103\u201d, au transmis colegii de la TNB.<\/p>\n<\/blockquote>\n<p id=\"p-2\">Radu F. Alexandru a fost senator \u00een trei legislaturi ale Parlamentului Rom\u00e2niei, desf\u0103\u0219ur\u00e2nd o activitate politic\u0103 de o rar\u0103 probitate moral\u0103.<\/p>\n<p id=\"p-3\">A avut o remarcabil\u0103 activitate publicistic\u0103 ca realizator de emisiuni de radio \u0219i televiziune.<\/p>\n<p id=\"p-4\">Dup\u0103 premiera din 2016 a comediei satirice \u201eLumini\u021ba de la cap\u0103tul tunelului\u201d, revine pe scena Na\u021bionalului cu excep\u021bionala pies\u0103 \u201eGERTRUDE\u201d, eveniment despre care s-a afirmat:&nbsp; \u201e\u2026montarea de la Teatrul Na\u021bional din Bucure\u0219ti a regizorului de clas\u0103 \u0219i de recunoa\u0219tere mondial\u0103 Silviu Purc\u0103rete dup\u0103 textul celui mai mare dramaturg rom\u00e2n contemporan al teatrului de idei, Radu F. Alexandru \u2013 e regina stagiunii rom\u00e2ne\u0219ti 2023-2024.\u201d<\/p>\n<p id=\"p-5\">\u201ePrin dispari\u021bia lui Radu F.Alexandru cultura rom\u00e2n\u0103 pierde una din personalit\u0103\u021bile sale de excep\u021bie.&nbsp;Condolean\u021be familiei \u00eendurerate!&nbsp;Dumnezeu s\u0103 \u00eel odihneasc\u0103!&nbsp;Zihrono Le Braha (Binecuv\u00e2ntat\u0103 fie-i amintirea!)\u201d, au transmis oficialii TNB.<\/p>\n<p id=\"p-6\">\u00cenmorm\u00e2ntarea va avea loc luni, 29 decembrie la ora 12, la Cimitirul evreiesc din \u0218oseaua Giurgiului nr. 2., potrivit reprezentan\u021bilor TNB.<\/p>\n","protected":false},"excerpt":{"rendered":"<p>Teatrul Na\u0163ional \u201eI. L. Caragiale\u201d Bucure\u015fti depl\u00e2nge dispari\u021bia dramaturgului Radu F. Alexandru, care a decedat \u00een diminea\u021ba zilei de 26 decembrie,la 82 de ani, dup\u0103 o lung\u0103 suferin\u021b\u0103. \u201eLas\u0103 \u00een &hellip; <a href=\"https:\/\/microscopemedia.com\/?p=668267\" class=\"more-link\">Read More<\/a><\/p>\n","protected":false},"author":1,"featured_media":668268,"comment_status":"closed","ping_status":"closed","sticky":false,"template":"Default","format":"standard","meta":[],"categories":[1],"tags":[],"_links":{"self":[{"href":"https:\/\/microscopemedia.com\/index.php?rest_route=\/wp\/v2\/posts\/668267"}],"collection":[{"href":"https:\/\/microscopemedia.com\/index.php?rest_route=\/wp\/v2\/posts"}],"about":[{"href":"https:\/\/microscopemedia.com\/index.php?rest_route=\/wp\/v2\/types\/post"}],"author":[{"embeddable":true,"href":"https:\/\/microscopemedia.com\/index.php?rest_route=\/wp\/v2\/users\/1"}],"replies":[{"embeddable":true,"href":"https:\/\/microscopemedia.com\/index.php?rest_route=%2Fwp%2Fv2%2Fcomments&post=668267"}],"version-history":[{"count":0,"href":"https:\/\/microscopemedia.com\/index.php?rest_route=\/wp\/v2\/posts\/668267\/revisions"}],"wp:featuredmedia":[{"embeddable":true,"href":"https:\/\/microscopemedia.com\/index.php?rest_route=\/wp\/v2\/media\/668268"}],"wp:attachment":[{"href":"https:\/\/microscopemedia.com\/index.php?rest_route=%2Fwp%2Fv2%2Fmedia&parent=668267"}],"wp:term":[{"taxonomy":"category","embeddable":true,"href":"https:\/\/microscopemedia.com\/index.php?rest_route=%2Fwp%2Fv2%2Fcategories&post=668267"},{"taxonomy":"post_tag","embeddable":true,"href":"https:\/\/microscopemedia.com\/index.php?rest_route=%2Fwp%2Fv2%2Ftags&post=668267"}],"curies":[{"name":"wp","href":"https:\/\/api.w.org\/{rel}","templated":true}]}}