{"id":668271,"date":"2025-12-26T11:56:04","date_gmt":"2025-12-26T11:56:04","guid":{"rendered":"https:\/\/microscopemedia.com\/?p=668271"},"modified":"2025-12-26T11:56:04","modified_gmt":"2025-12-26T11:56:04","slug":"premierul-portugaliei-indeamna-cetatenii-sa-aiba-mentalitatea-lui-cristiano-ronaldo-pentru-a-stimula-economia","status":"publish","type":"post","link":"https:\/\/microscopemedia.com\/?p=668271","title":{"rendered":"Premierul Portugaliei \u00eendeamn\u0103 cet\u0103\u021benii s\u0103 aib\u0103 \u201ementalitatea lui Cristiano Ronaldo\u201d pentru a stimula economia"},"content":{"rendered":"<div><img decoding=\"async\" src=\"https:\/\/microscopemedia.com\/wp-content\/uploads\/2025\/12\/premierul-portugaliei-indeamna-cetatenii-sa-aiba-mentalitatea-lui-cristiano-ronaldo-pentru-a-stimula-economia.jpg\" class=\"ff-og-image-inserted\"><\/div>\n<p id=\"p-0\">Montenegro, a cerut joi ca portughezii s\u0103 adopte \u201ementalitatea lui Cristiano Ronaldo\u201d pentru a fi mai eficien\u021bi \u0219i productivi \u0219i pentru a stimula economia \u021b\u0103rii, noteaz\u0103 <a href=\"https:\/\/efe.com\/economia\/2025-12-26\/portugal-mentalidad-cristiano-ronaldo-economia-primer-ministro\/\" target=\"_blank\" rel=\"noopener\">EFE<\/a>.<\/p>\n<p id=\"p-1\">\u0218eful guvernului de centru-dreapta a f\u0103cut aceste declara\u021bii \u00een timpul discursului s\u0103u tradi\u021bional de Cr\u0103ciun, \u00een care a celebrat progresele realizate \u00een timpul mandatului s\u0103u, care, a amintit el, au dus la recunoa\u0219terea Portugaliei de c\u0103tre revista The Economist drept \u201eeconomia anului\u201d \u00een 2025.<\/p>\n<p id=\"p-2\">\u201eSuntem \u00eentr-un moment istoric \u00een care trebuie s\u0103 renun\u021b\u0103m la mentalitatea de a l\u0103sa lucrurile s\u0103 treac\u0103 pe l\u00e2ng\u0103 noi \u0219i trebuie s\u0103 dob\u00e2ndim \u0219i s\u0103 lucr\u0103m la mentalitatea dep\u0103\u0219irii, mentalitatea de a merge mai departe \u0219i de a ne afirma prin excelen\u021b\u0103, mentalitatea de a nu l\u0103sa pe m\u00e2ine ceea ce putem face ast\u0103zi, (\u2026) mentalitatea lui Cristiano Ronaldo\u201d, a afirmat el.<\/p>\n<p id=\"p-3\">Montenegro a explicat c\u0103 \u021bara se confrunt\u0103 cu dou\u0103 op\u021biuni: fie \u201es\u0103 se mul\u021bumeasc\u0103\u201d cu situa\u021bia actual\u0103 \u0219i s\u0103 ri\u0219te s\u0103 r\u0103m\u00e2n\u0103 \u00een urma altor \u021b\u0103ri care se angajeaz\u0103 s\u0103 dezvolte pe termen mediu, fie \u201es\u0103 profite de situa\u021bie\u201d \u0219i s\u0103 garanteze o evolu\u021bie \u0219i o cre\u0219tere superioar\u0103 celor ale altor \u021b\u0103ri.<\/p>\n<p id=\"p-4\">\u201eVreau s\u0103 spun c\u0103 alegerea mea \u0219i a Guvernului este \u00een mod clar a doua\u201d, a subliniat premierul, care a considerat c\u0103 portughezii \u201eau talent\u201d \u0219i ar trebui s\u0103 dea \u201ece e mai bun din ei\u201d.<\/p>\n<h2 id=\"chapter-0\">\u00cencredere \u00een calea Portugaliei<\/h2>\n<p id=\"p-5\">El a afirmat c\u0103 \u021bara este \u201epe drumul cel bun\u201d, cu salarii mai mari \u0219i impozite mai mici, o economie \u00een cre\u0219tere \u0219i o \u201eagend\u0103 transformatoare\u201d, dar a considerat c\u0103 este necesar \u201es\u0103 fim mai eficien\u021bi \u0219i mai productivi pentru a atinge noi niveluri de cre\u0219tere, ceea ce va aduce \u0219i noi niveluri de venituri\u201d. El a sus\u021binut, de asemenea, c\u0103 Portugalia are \u201etotul\u201d pentru a \u201eridica \u0219tacheta \u0219i a-\u0219i stabili noi ambi\u021bii\u201d.<\/p>\n<p id=\"p-6\">\u201eCrearea de bog\u0103\u021bie este mijlocul c\u0103tre o societate mai dreapt\u0103, mai liber\u0103 \u0219i mai fericit\u0103. Dar, a\u0219a cum spune poporul nostru, lucrurile nu cad din cer; aceast\u0103 cale necesit\u0103 curaj, rezisten\u021b\u0103, capacitatea de a se angaja \u00een dialog \u0219i un sentiment de unitate na\u021bional\u0103\u201d, a subliniat acesta.<\/p>\n<p id=\"p-7\">El a ad\u0103ugat: \u201eAcum, c\u0103 vom trece aproape trei ani \u0219i jum\u0103tate f\u0103r\u0103 alegeri legislative, este timpul ca noi to\u021bi s\u0103 ne concentr\u0103m pe \u00eendeplinirea responsabilit\u0103\u021bii noastre \u0219i s\u0103 facem tot posibilul pentru a garanta Portugaliei \u0219i fiec\u0103rui portughez un viitor mai prosper\u201d, referindu-se la necesitatea de a ajunge la acorduri \u00eentre partide \u00eentr-un moment \u00een care guverneaz\u0103 \u00een minoritate.<\/p>\n<p id=\"p-8\">Unul dintre proiectele pe care guvernul portughez de centru-dreapta \u00eencearc\u0103 s\u0103 le promoveze \u00een prezent este o reform\u0103 a legisla\u021biei muncii, care a generat o respingere puternic\u0103 \u00een r\u00e2ndul sindicatelor, care au organizat o grev\u0103 general\u0103 pe 11 decembrie \u0219i au cerut o demonstra\u021bie pe 13 ianuarie.<\/p>\n","protected":false},"excerpt":{"rendered":"<p>Montenegro, a cerut joi ca portughezii s\u0103 adopte \u201ementalitatea lui Cristiano Ronaldo\u201d pentru a fi mai eficien\u021bi \u0219i productivi \u0219i pentru a stimula economia \u021b\u0103rii, noteaz\u0103 EFE. \u0218eful guvernului de &hellip; <a href=\"https:\/\/microscopemedia.com\/?p=668271\" class=\"more-link\">Read More<\/a><\/p>\n","protected":false},"author":1,"featured_media":668272,"comment_status":"closed","ping_status":"closed","sticky":false,"template":"Default","format":"standard","meta":[],"categories":[1],"tags":[],"_links":{"self":[{"href":"https:\/\/microscopemedia.com\/index.php?rest_route=\/wp\/v2\/posts\/668271"}],"collection":[{"href":"https:\/\/microscopemedia.com\/index.php?rest_route=\/wp\/v2\/posts"}],"about":[{"href":"https:\/\/microscopemedia.com\/index.php?rest_route=\/wp\/v2\/types\/post"}],"author":[{"embeddable":true,"href":"https:\/\/microscopemedia.com\/index.php?rest_route=\/wp\/v2\/users\/1"}],"replies":[{"embeddable":true,"href":"https:\/\/microscopemedia.com\/index.php?rest_route=%2Fwp%2Fv2%2Fcomments&post=668271"}],"version-history":[{"count":0,"href":"https:\/\/microscopemedia.com\/index.php?rest_route=\/wp\/v2\/posts\/668271\/revisions"}],"wp:featuredmedia":[{"embeddable":true,"href":"https:\/\/microscopemedia.com\/index.php?rest_route=\/wp\/v2\/media\/668272"}],"wp:attachment":[{"href":"https:\/\/microscopemedia.com\/index.php?rest_route=%2Fwp%2Fv2%2Fmedia&parent=668271"}],"wp:term":[{"taxonomy":"category","embeddable":true,"href":"https:\/\/microscopemedia.com\/index.php?rest_route=%2Fwp%2Fv2%2Fcategories&post=668271"},{"taxonomy":"post_tag","embeddable":true,"href":"https:\/\/microscopemedia.com\/index.php?rest_route=%2Fwp%2Fv2%2Ftags&post=668271"}],"curies":[{"name":"wp","href":"https:\/\/api.w.org\/{rel}","templated":true}]}}