{"id":668273,"date":"2025-12-26T12:06:04","date_gmt":"2025-12-26T12:06:04","guid":{"rendered":"https:\/\/microscopemedia.com\/?p=668273"},"modified":"2025-12-26T12:06:04","modified_gmt":"2025-12-26T12:06:04","slug":"ionut-radu-desemnat-tricolorul-lunii-decembrie","status":"publish","type":"post","link":"https:\/\/microscopemedia.com\/?p=668273","title":{"rendered":"Ionu\u021b Radu, desemnat \u201etricolorul lunii decembrie\u201d"},"content":{"rendered":"<div><img decoding=\"async\" src=\"https:\/\/microscopemedia.com\/wp-content\/uploads\/2025\/12\/ionut-radu-desemnat-tricolorul-lunii-decembrie.jpg\" class=\"ff-og-image-inserted\"><\/div>\n<p id=\"p-0\"><!--StartFragment --><span class=\"cf0\">\u201ePortarul na<\/span><span class=\"cf1\">\u021bionalei a <\/span><span class=\"cf0\">\u00eenchis poarta \u00een La Liga, reu<\/span><span class=\"cf1\">\u0219ind 3 meciuri consecutive f\u0103r\u0103 gol primit cu Celta, fiind desemnat inclusiv omul meciului <\/span><span class=\"cf0\">\u00eempotriva lui Real Madrid <\/span><span class=\"cf1\">\u0219i Athletic Bilbao<\/span><span class=\"cf0\">\u201d, scrie FRF.<\/span><!--EndFragment --><\/p>\n<p id=\"p-1\">Ionu\u021b Radu a ob\u021binut 62,7% dintre voturi, fiind urmat de Florin T\u0103nase \u0219i R\u0103zvan Marin.<\/p>\n<p id=\"p-2\"><!--StartFragment --><span class=\"cf0\">\u201eV<\/span><span class=\"cf1\">\u0103 mul\u021bumesc tuturor celor care m-a\u021bi votat ca fiind tricolorul lunii decembrie! V\u0103 urez s\u0103rb\u0103tori fericite, s\u0103 avem parte de un 2026 exact a\u0219a cum ni-l dorim! S\u0103 avem <\/span><span class=\"cf2\">\u00eencredere <\/span><span class=\"cf1\">\u0219i s\u0103 mergem <\/span><span class=\"cf2\">\u00eenainte cu foarte mult curaj\u201d<\/span><span class=\"cf3\">, a declarat Ionu<\/span><span class=\"cf3\">\u021b Radu.<\/span><!--EndFragment --><\/p>\n<p id=\"p-3\">Premiul \u201eTricolorul anului 2025\u201d a fost c\u00e2\u0219tigat de <a href=\"https:\/\/www.mediafax.ro\/sport\/andrei-ratiu-este-tricolorul-anului-2025-23653797\">Andrei Ra\u021biu<\/a>.<\/p>\n<p id=\"p-4\">Andrei Ra\u021biu a devenit al \u0219aselea juc\u0103tor care c\u00e2\u0219tig\u0103 premiul \u201cTricolorul Anului\u201d, dup\u0103 Florin Ni\u021b\u0103 (2021), Nicolae Stanciu (2022), Florinel Coman \u0219i Radu Dr\u0103gu\u0219in (2023) \u0219i Dennis Man (2024).<\/p>\n","protected":false},"excerpt":{"rendered":"<p>\u201ePortarul na\u021bionalei a \u00eenchis poarta \u00een La Liga, reu\u0219ind 3 meciuri consecutive f\u0103r\u0103 gol primit cu Celta, fiind desemnat inclusiv omul meciului \u00eempotriva lui Real Madrid \u0219i Athletic Bilbao\u201d, scrie &hellip; <a href=\"https:\/\/microscopemedia.com\/?p=668273\" class=\"more-link\">Read More<\/a><\/p>\n","protected":false},"author":1,"featured_media":668274,"comment_status":"closed","ping_status":"closed","sticky":false,"template":"Default","format":"standard","meta":[],"categories":[1],"tags":[],"_links":{"self":[{"href":"https:\/\/microscopemedia.com\/index.php?rest_route=\/wp\/v2\/posts\/668273"}],"collection":[{"href":"https:\/\/microscopemedia.com\/index.php?rest_route=\/wp\/v2\/posts"}],"about":[{"href":"https:\/\/microscopemedia.com\/index.php?rest_route=\/wp\/v2\/types\/post"}],"author":[{"embeddable":true,"href":"https:\/\/microscopemedia.com\/index.php?rest_route=\/wp\/v2\/users\/1"}],"replies":[{"embeddable":true,"href":"https:\/\/microscopemedia.com\/index.php?rest_route=%2Fwp%2Fv2%2Fcomments&post=668273"}],"version-history":[{"count":0,"href":"https:\/\/microscopemedia.com\/index.php?rest_route=\/wp\/v2\/posts\/668273\/revisions"}],"wp:featuredmedia":[{"embeddable":true,"href":"https:\/\/microscopemedia.com\/index.php?rest_route=\/wp\/v2\/media\/668274"}],"wp:attachment":[{"href":"https:\/\/microscopemedia.com\/index.php?rest_route=%2Fwp%2Fv2%2Fmedia&parent=668273"}],"wp:term":[{"taxonomy":"category","embeddable":true,"href":"https:\/\/microscopemedia.com\/index.php?rest_route=%2Fwp%2Fv2%2Fcategories&post=668273"},{"taxonomy":"post_tag","embeddable":true,"href":"https:\/\/microscopemedia.com\/index.php?rest_route=%2Fwp%2Fv2%2Ftags&post=668273"}],"curies":[{"name":"wp","href":"https:\/\/api.w.org\/{rel}","templated":true}]}}