{"id":668295,"date":"2025-12-26T14:26:04","date_gmt":"2025-12-26T14:26:04","guid":{"rendered":"https:\/\/microscopemedia.com\/?p=668295"},"modified":"2025-12-26T14:26:04","modified_gmt":"2025-12-26T14:26:04","slug":"barbat-din-nasaud-retinut-dupa-ce-a-intrat-intr-o-curte-a-batut-o-fata-si-a-distrus-doua-masini","status":"publish","type":"post","link":"https:\/\/microscopemedia.com\/?p=668295","title":{"rendered":"B\u0103rbat din N\u0103s\u0103ud, re\u021binut dup\u0103 ce a intrat \u00eentr-o curte, a b\u0103tut o fat\u0103 \u0219i a distrus dou\u0103 ma\u0219ini"},"content":{"rendered":"<div><img decoding=\"async\" src=\"https:\/\/microscopemedia.com\/wp-content\/uploads\/2025\/12\/barbat-din-nasaud-retinut-dupa-ce-a-intrat-intr-o-curte-a-batut-o-fata-si-a-distrus-doua-masini.jpg\" class=\"ff-og-image-inserted\"><\/div>\n<p id=\"p-0\">B\u0103rbat cercetat pentru violare de domiciliu, lovire sau alte violen\u021be, distrugere \u0219i amenin\u021bare dup\u0103 ce a intrat \u00eentr-o locuin\u021b\u0103 din Nimigea de Sus \u00een ziua de Cr\u0103ciun.<\/p>\n<p id=\"p-1\">\u00cen urma audierilor \u0219i probelor administrate, vineri, poli\u021bi\u0219tii Sec\u021biei 6 Poli\u021bie Rural\u0103 N\u0103s\u0103ud au dispus re\u021binerea, pentru 24 de ore, a b\u0103rbatului \u00een v\u00e2rst\u0103 de 39 de ani din Nimigea de Jos.<\/p>\n<p id=\"p-2\">Din cercet\u0103rile efectuate, b\u0103rbatul de 39 de ani a p\u0103truns, \u00een ziua de Cr\u0103ciun, \u00een incinta unui imobil din Nimigea de Sus, unde a agresat fizic o fat\u0103.<\/p>\n<p id=\"p-3\">Ulterior, \u00een curtea aceluia\u0219i imobil care apar\u021bine unui t\u00e2n\u0103r de 21 de ani, b\u0103rbatul a adresat amenin\u021b\u0103ri \u0219i a distrus, cu un topor, la dou\u0103 autoturisme parcate.<\/p>\n<p id=\"p-4\">\u00cen prezent, b\u0103rbatul se afl\u0103 \u00een arestul IPJ Bistri\u021ba-N\u0103s\u0103ud, urm\u00e2nd a fi prezentat Parchetului de pe l\u00e2ng\u0103 Judec\u0103toria N\u0103s\u0103ud, \u00een vederea dispunerii unei noi m\u0103suri preventive.<\/p>\n<p id=\"p-5\">Poli\u021bi\u0219tii Sec\u021biei 6 Poli\u021bie Rural\u0103 N\u0103s\u0103ud continu\u0103 cercet\u0103rile \u00een cadrul dosarului penal \u00eentocmit pentru documentarea faptelor \u0219i tragerea la r\u0103spundere a persoanei vinovate.<\/p>\n","protected":false},"excerpt":{"rendered":"<p>B\u0103rbat cercetat pentru violare de domiciliu, lovire sau alte violen\u021be, distrugere \u0219i amenin\u021bare dup\u0103 ce a intrat \u00eentr-o locuin\u021b\u0103 din Nimigea de Sus \u00een ziua de Cr\u0103ciun. \u00cen urma audierilor &hellip; <a href=\"https:\/\/microscopemedia.com\/?p=668295\" class=\"more-link\">Read More<\/a><\/p>\n","protected":false},"author":1,"featured_media":668296,"comment_status":"closed","ping_status":"closed","sticky":false,"template":"Default","format":"standard","meta":[],"categories":[1],"tags":[],"_links":{"self":[{"href":"https:\/\/microscopemedia.com\/index.php?rest_route=\/wp\/v2\/posts\/668295"}],"collection":[{"href":"https:\/\/microscopemedia.com\/index.php?rest_route=\/wp\/v2\/posts"}],"about":[{"href":"https:\/\/microscopemedia.com\/index.php?rest_route=\/wp\/v2\/types\/post"}],"author":[{"embeddable":true,"href":"https:\/\/microscopemedia.com\/index.php?rest_route=\/wp\/v2\/users\/1"}],"replies":[{"embeddable":true,"href":"https:\/\/microscopemedia.com\/index.php?rest_route=%2Fwp%2Fv2%2Fcomments&post=668295"}],"version-history":[{"count":0,"href":"https:\/\/microscopemedia.com\/index.php?rest_route=\/wp\/v2\/posts\/668295\/revisions"}],"wp:featuredmedia":[{"embeddable":true,"href":"https:\/\/microscopemedia.com\/index.php?rest_route=\/wp\/v2\/media\/668296"}],"wp:attachment":[{"href":"https:\/\/microscopemedia.com\/index.php?rest_route=%2Fwp%2Fv2%2Fmedia&parent=668295"}],"wp:term":[{"taxonomy":"category","embeddable":true,"href":"https:\/\/microscopemedia.com\/index.php?rest_route=%2Fwp%2Fv2%2Fcategories&post=668295"},{"taxonomy":"post_tag","embeddable":true,"href":"https:\/\/microscopemedia.com\/index.php?rest_route=%2Fwp%2Fv2%2Ftags&post=668295"}],"curies":[{"name":"wp","href":"https:\/\/api.w.org\/{rel}","templated":true}]}}