{"id":668301,"date":"2025-12-26T15:26:04","date_gmt":"2025-12-26T15:26:04","guid":{"rendered":"https:\/\/microscopemedia.com\/?p=668301"},"modified":"2025-12-26T15:26:04","modified_gmt":"2025-12-26T15:26:04","slug":"rusia-dubleaza-numarul-minorilor-etichetati-drept-teroristi-si-extremisti-in-2025","status":"publish","type":"post","link":"https:\/\/microscopemedia.com\/?p=668301","title":{"rendered":"Rusia dubleaz\u0103 num\u0103rul minorilor eticheta\u021bi drept terori\u0219ti \u0219i extremi\u0219ti \u00een 2025"},"content":{"rendered":"<div><img decoding=\"async\" src=\"https:\/\/microscopemedia.com\/wp-content\/uploads\/2025\/12\/rusia-dubleaza-numarul-minorilor-etichetati-drept-teroristi-si-extremisti-in-2025.jpg\" class=\"ff-og-image-inserted\"><\/div>\n<p data-start=\"83\" data-end=\"370\" id=\"p-0\">\u00cen anul 2025, autorit\u0103\u021bile din Rusia au m\u0103rit semnificativ num\u0103rul copiilor \u0219i adolescen\u021bilor trecu\u021bi \u00een registrul oficial al \u201eterori\u0219tilor \u0219i extremi\u0219tilor\u201d.<\/p>\n<p data-start=\"83\" data-end=\"370\" id=\"p-1\">Datele arat\u0103 un num\u0103r dublu al cazurilor fa\u021b\u0103 de anul anterior, iar cel mai t\u00e2n\u0103r nume de pe list\u0103 apar\u021bine unui copil de doar 14 ani, scrie <a href=\"https:\/\/www.kyivpost.com\/post\/67000\">Kyiv Post<\/a>.<\/p>\n<p data-start=\"372\" data-end=\"805\" id=\"p-2\">Registrul este administrat de Rosfinmonitoring, institu\u021bia de stat care urm\u0103re\u0219te aceste cazuri.<\/p>\n<p data-start=\"372\" data-end=\"805\" id=\"p-3\">\u00cen cursul acestui an, pe list\u0103 au ap\u0103rut 4.018 persoane noi, cel mai mare total din ultimii \u0219apte ani. Aceast\u0103 evolu\u021bie vine dup\u0103 ce Rusia a aplicat mai strict legisla\u021bia anti-extremism.<\/p>\n<p data-start=\"372\" data-end=\"805\" id=\"p-4\">Comparativ cu anul trecut, 2024, cre\u0219terea ajunge la 26%. Dintre noile nume, 341 apar\u021bin unor minori, potrivit publica\u021biei independente Verstka Media.<\/p>\n<p data-start=\"807\" data-end=\"1010\" id=\"p-5\">Printre cei viza\u021bi se afl\u0103 Timofei Mamoshkin, din regiunea Ryazan, situat\u0103 \u00een vestul Rusiei. B\u0103iatul a \u00eemplinit 14 ani \u00een luna septembrie \u0219i se confrunt\u0103 cu acuza\u021bii de terorism, conform aceleia\u0219i surse.<\/p>\n<p data-start=\"1012\" data-end=\"1249\" id=\"p-6\">Num\u0103rul minorilor sub 18 ani \u00eenscri\u0219i \u00een registru s-a dublat fa\u021b\u0103 de 161 \u00een 2024 \u0219i a fost de aproape \u0219ase ori mai mare dec\u00e2t \u00een 2023, c\u00e2nd au fost ad\u0103uga\u021bi 51 de minori.<\/p>\n<p data-start=\"1251\" data-end=\"1442\" id=\"p-7\">Cu toate astea, lista nu include doar tineri. \u00cen ultimul timp, autorit\u0103\u021bile au introdus \u0219i nume cunoscute din mediul de afaceri, din zona analizei politice, dar chiar \u0219i bloggeri cunoscu\u021bi.<\/p>\n<p data-start=\"1444\" data-end=\"1710\" data-is-last-node data-is-only-node id=\"p-8\">\u00cen luna iulie, parlamentarii ru\u0219i au adoptat o lege nou\u0103. Aceasta prevede amenzi pentru persoanele care citesc sau caut\u0103 pe internet materiale considerate de stat drept \u201eextremiste\u201d.<\/p>\n<p data-start=\"1444\" data-end=\"1710\" data-is-last-node data-is-only-node id=\"p-9\">Prin aceast\u0103 m\u0103sur\u0103, controlul asupra accesului la informa\u021bie a devenit mai strict.<\/p>\n","protected":false},"excerpt":{"rendered":"<p>\u00cen anul 2025, autorit\u0103\u021bile din Rusia au m\u0103rit semnificativ num\u0103rul copiilor \u0219i adolescen\u021bilor trecu\u021bi \u00een registrul oficial al \u201eterori\u0219tilor \u0219i extremi\u0219tilor\u201d. Datele arat\u0103 un num\u0103r dublu al cazurilor fa\u021b\u0103 de &hellip; <a href=\"https:\/\/microscopemedia.com\/?p=668301\" class=\"more-link\">Read More<\/a><\/p>\n","protected":false},"author":1,"featured_media":668302,"comment_status":"closed","ping_status":"closed","sticky":false,"template":"Default","format":"standard","meta":[],"categories":[1],"tags":[],"_links":{"self":[{"href":"https:\/\/microscopemedia.com\/index.php?rest_route=\/wp\/v2\/posts\/668301"}],"collection":[{"href":"https:\/\/microscopemedia.com\/index.php?rest_route=\/wp\/v2\/posts"}],"about":[{"href":"https:\/\/microscopemedia.com\/index.php?rest_route=\/wp\/v2\/types\/post"}],"author":[{"embeddable":true,"href":"https:\/\/microscopemedia.com\/index.php?rest_route=\/wp\/v2\/users\/1"}],"replies":[{"embeddable":true,"href":"https:\/\/microscopemedia.com\/index.php?rest_route=%2Fwp%2Fv2%2Fcomments&post=668301"}],"version-history":[{"count":0,"href":"https:\/\/microscopemedia.com\/index.php?rest_route=\/wp\/v2\/posts\/668301\/revisions"}],"wp:featuredmedia":[{"embeddable":true,"href":"https:\/\/microscopemedia.com\/index.php?rest_route=\/wp\/v2\/media\/668302"}],"wp:attachment":[{"href":"https:\/\/microscopemedia.com\/index.php?rest_route=%2Fwp%2Fv2%2Fmedia&parent=668301"}],"wp:term":[{"taxonomy":"category","embeddable":true,"href":"https:\/\/microscopemedia.com\/index.php?rest_route=%2Fwp%2Fv2%2Fcategories&post=668301"},{"taxonomy":"post_tag","embeddable":true,"href":"https:\/\/microscopemedia.com\/index.php?rest_route=%2Fwp%2Fv2%2Ftags&post=668301"}],"curies":[{"name":"wp","href":"https:\/\/api.w.org\/{rel}","templated":true}]}}