{"id":668311,"date":"2025-12-26T16:46:04","date_gmt":"2025-12-26T16:46:04","guid":{"rendered":"https:\/\/microscopemedia.com\/?p=668311"},"modified":"2025-12-26T16:46:04","modified_gmt":"2025-12-26T16:46:04","slug":"israel-prima-tara-care-recunoaste-oficial-somaliland-ca-stat-independent","status":"publish","type":"post","link":"https:\/\/microscopemedia.com\/?p=668311","title":{"rendered":"Israel, prima \u021bar\u0103 care recunoa\u0219te oficial Somaliland ca stat independent"},"content":{"rendered":"<div><img decoding=\"async\" src=\"https:\/\/microscopemedia.com\/wp-content\/uploads\/2025\/12\/israel-prima-tara-care-recunoaste-oficial-somaliland-ca-stat-independent.jpg\" class=\"ff-og-image-inserted\"><\/div>\n<p data-start=\"68\" data-end=\"429\" id=\"p-0\">Premierul Israelului, Benjamin Netanyahu, a declarat vineri c\u0103 statul israelian recunoa\u0219te \u00een mod oficial \u201estatul independent \u015fi suveran\u201d Somaliland.<\/p>\n<p data-start=\"68\" data-end=\"429\" id=\"p-1\">Aceasta este prima recunoa\u0219tere interna\u021bional\u0103 a acestei republici autoproclamate, ap\u0103rut\u0103 dup\u0103 separarea de Somalia. P\u00e2n\u0103 \u00een prezent, niciun alt stat din lume nu a oferit o astfel de recunoa\u0219tere, potrivit AFP.<\/p>\n<p data-start=\"431\" data-end=\"708\" id=\"p-2\">\u201ePremierul Netanyahu, \u015feful s\u0103u al diploma\u0163iei (Gideon) Saar \u015fi pre\u015fedintele Republicii Somaliland au semnat o declara\u0163ie comun\u0103 \u015fi reciproc\u0103\u201d, au transmis serviciile de pres\u0103 ale Guvernului israelian \u00eentr-un comunicat oficial.<\/p>\n<p data-start=\"710\" data-end=\"979\" data-is-last-node data-is-only-node id=\"p-3\">Somaliland func\u021bioneaz\u0103 separat de Somalia de mai mul\u021bi ani, cu propriile institu\u021bii \u0219i conducere, \u00eens\u0103 f\u0103r\u0103 recunoa\u0219tere interna\u021bional\u0103.<\/p>\n<blockquote class=\"twitter-tweet\" readability=\"12.299435028249\">\n<p dir=\"ltr\" lang=\"en\" id=\"p-4\">The Prime Minister announced today the official recognition of the Republic of Somaliland as an independent and sovereign state.<\/p>\n<p id=\"p-5\">Prime Minister Netanyahu, Foreign Minister Sa\u2019ar, and the President of the Republic of Somaliland signed a joint and mutual declaration. <a href=\"https:\/\/t.co\/M0AeTs5oxY\">pic.twitter.com\/M0AeTs5oxY<\/a><\/p>\n<p id=\"p-6\">\u2014 Prime Minister of Israel (@IsraeliPM) <a href=\"https:\/\/twitter.com\/IsraeliPM\/status\/2004550707530076582?ref_src=twsrc%5Etfw\">December 26, 2025<\/a><\/p>\n<\/blockquote>\n","protected":false},"excerpt":{"rendered":"<p>Premierul Israelului, Benjamin Netanyahu, a declarat vineri c\u0103 statul israelian recunoa\u0219te \u00een mod oficial \u201estatul independent \u015fi suveran\u201d Somaliland. Aceasta este prima recunoa\u0219tere interna\u021bional\u0103 a acestei republici autoproclamate, ap\u0103rut\u0103 dup\u0103 &hellip; <a href=\"https:\/\/microscopemedia.com\/?p=668311\" class=\"more-link\">Read More<\/a><\/p>\n","protected":false},"author":1,"featured_media":668312,"comment_status":"closed","ping_status":"closed","sticky":false,"template":"Default","format":"standard","meta":[],"categories":[1],"tags":[],"_links":{"self":[{"href":"https:\/\/microscopemedia.com\/index.php?rest_route=\/wp\/v2\/posts\/668311"}],"collection":[{"href":"https:\/\/microscopemedia.com\/index.php?rest_route=\/wp\/v2\/posts"}],"about":[{"href":"https:\/\/microscopemedia.com\/index.php?rest_route=\/wp\/v2\/types\/post"}],"author":[{"embeddable":true,"href":"https:\/\/microscopemedia.com\/index.php?rest_route=\/wp\/v2\/users\/1"}],"replies":[{"embeddable":true,"href":"https:\/\/microscopemedia.com\/index.php?rest_route=%2Fwp%2Fv2%2Fcomments&post=668311"}],"version-history":[{"count":0,"href":"https:\/\/microscopemedia.com\/index.php?rest_route=\/wp\/v2\/posts\/668311\/revisions"}],"wp:featuredmedia":[{"embeddable":true,"href":"https:\/\/microscopemedia.com\/index.php?rest_route=\/wp\/v2\/media\/668312"}],"wp:attachment":[{"href":"https:\/\/microscopemedia.com\/index.php?rest_route=%2Fwp%2Fv2%2Fmedia&parent=668311"}],"wp:term":[{"taxonomy":"category","embeddable":true,"href":"https:\/\/microscopemedia.com\/index.php?rest_route=%2Fwp%2Fv2%2Fcategories&post=668311"},{"taxonomy":"post_tag","embeddable":true,"href":"https:\/\/microscopemedia.com\/index.php?rest_route=%2Fwp%2Fv2%2Ftags&post=668311"}],"curies":[{"name":"wp","href":"https:\/\/api.w.org\/{rel}","templated":true}]}}