{"id":668313,"date":"2025-12-26T16:56:04","date_gmt":"2025-12-26T16:56:04","guid":{"rendered":"https:\/\/microscopemedia.com\/?p=668313"},"modified":"2025-12-26T16:56:04","modified_gmt":"2025-12-26T16:56:04","slug":"atacuri-rusesti-in-uman-si-harkov-cel-putin-2-morti-si-14-raniti","status":"publish","type":"post","link":"https:\/\/microscopemedia.com\/?p=668313","title":{"rendered":"Atacuri ruse\u0219ti \u00een Uman \u0219i Harkov: cel pu\u021bin 2 mor\u021bi \u0219i 14 r\u0103ni\u021bi"},"content":{"rendered":"<div><img decoding=\"async\" src=\"https:\/\/microscopemedia.com\/wp-content\/uploads\/2025\/12\/atacuri-rusesti-in-uman-si-harkov-cel-putin-2-morti-si-14-raniti.jpg\" class=\"ff-og-image-inserted\"><\/div>\n<p data-start=\"73\" data-end=\"227\" id=\"p-0\">Atacurile Rusiei asupra ora\u0219elor Uman \u0219i Harkov au ucis cel pu\u021bin dou\u0103 persoane \u0219i au r\u0103nit 14 persoane, au anun\u021bat autorit\u0103\u021bile locale vineri, 26 decembrie.<\/p>\n<p data-start=\"229\" data-end=\"492\" id=\"p-1\">Regiunea Harkov a fost vizat\u0103 de trei bombe ghidate KAB, una dintre ele lovind ora\u0219ul Harkov, a transmis guvernatorul Oleh Syniehubov, conform <a href=\"https:\/\/kyivindependent.com\/russian-attacks-on-uman-and-kharkiv-kills-at-least-2-injures-10-others\/\">Kyiv Independent.<\/a><\/p>\n<p data-start=\"229\" data-end=\"492\" id=\"p-2\">Cel pu\u021bin dou\u0103 persoane \u0219i-au pierdut via\u021ba, iar alte opt, inclusiv o feti\u021b\u0103 de 9 luni, au fost r\u0103nite, a precizat Oleh Syniehubov.<\/p>\n<p data-start=\"494\" data-end=\"745\" id=\"p-3\">Primarul din Harkov, Ihor Terehov, a afirmat c\u0103 un atac a lovit \u201ecel mai aglomerat drum\u201d al ora\u0219ului.<\/p>\n<p data-start=\"494\" data-end=\"745\" id=\"p-4\">\u201eMai multe ma\u0219ini sunt \u00een fl\u0103c\u0103ri, iar geamurile cl\u0103dirilor din apropiere au fost sparte. \u00cen ma\u0219inile care ardeau se aflau oameni\u201d, a spus Ihor Terehov.<\/p>\n<p data-start=\"747\" data-end=\"859\" id=\"p-5\">Guvernatorul Oleh Syniehubov a declarat c\u0103 la locul atacului nu exist\u0103 instala\u021bii militare, \u201edoar cl\u0103diri civile\u201d.<\/p>\n<p data-start=\"861\" data-end=\"1134\" id=\"p-6\">\u00cen regiunea Cerkas\u00ee, centrul Ucrainei, ora\u0219ul Uman a fost lovit de o rachet\u0103 vineri, r\u0103nind \u0219ase persoane, inclusiv doi copii, a declarat guvernatorul Ihor Tabyrets.<\/p>\n<p data-start=\"861\" data-end=\"1134\" id=\"p-7\">\u201eConform datelor preliminare, cel pu\u021bin cincizeci de case au fost avariate\u201d, a spus Tabyrets.<\/p>\n<div class=\"flex flex-col text-sm pb-25\">\n<article class=\"text-token-text-primary w-full focus:outline-none [--shadow-height:45px] has-data-writing-block:pointer-events-none has-data-writing-block:-mt-(--shadow-height) has-data-writing-block:pt-(--shadow-height) [&amp;:has([data-writing-block])>*]:pointer-events-auto scroll-mt-[calc(var(&#8211;header-height)+min(200px,max(70px,20svh)))]&#8221; dir=&#8221;auto&#8221; tabindex=&#8221;-1&#8243; data-turn-id=&#8221;request-WEB:f1fbf245-792e-4fb3-9d60-e24cd0766e23-9&#8243; data-testid=&#8221;conversation-turn-16&#8243; data-scroll-anchor=&#8221;true&#8221; data-turn=&#8221;assistant&#8221;><\/p>\n<div class=\"text-base my-auto mx-auto pb-10 [--thread-content-margin:--spacing(4)] @w-sm\/main:[--thread-content-margin:--spacing(6)] @w-lg\/main:[--thread-content-margin:--spacing(16)] px-(--thread-content-margin)\">\n<div class=\"[--thread-content-max-width:40rem] @w-lg\/main:[--thread-content-max-width:48rem] mx-auto max-w-(--thread-content-max-width) flex-1 group\/turn-messages focus-visible:outline-hidden relative flex w-full min-w-0 flex-col agent-turn\" tabindex=\"-1\">\n<div class=\"flex max-w-full flex-col grow\">\n<div class=\"min-h-8 text-message relative flex w-full flex-col items-end gap-2 text-start break-words whitespace-normal [.text-message+&amp;]:mt-1\" dir=\"auto\" data-message-author-role=\"assistant\" data-message-id=\"3ec8b910-8d78-470f-8f72-c87602178fca\" data-message-model-slug=\"gpt-5-mini\">\n<div class=\"flex w-full flex-col gap-1 empty:hidden first:pt-[1px]\" readability=\"12.5\">\n<div class=\"markdown prose dark:prose-invert w-full break-words light markdown-new-styling\" readability=\"20\">\n<p data-start=\"1136\" data-end=\"1496\" id=\"p-8\">Atacurile au fost o urmare a refuzului Rusiei de a accepta un armisti\u021biu de Cr\u0103ciun, propus de cancelarul german Friedrich Merz pe 16 decembrie.<\/p>\n<p data-start=\"1136\" data-end=\"1496\" id=\"p-9\">Rusia a continuat \u00een perioada aceasta atacurile zilnice asupra civililor din Ucraina. \u00cen ziua de Cr\u0103ciun au fost vizate o pia\u021b\u0103 din Herson \u0219i o cl\u0103dire reziden\u021bial\u0103 din Cernihiv.<\/p>\n<p data-start=\"1136\" data-end=\"1496\" id=\"p-10\">\u00cen urma acestor atacuri au murit cel pu\u021bin dou\u0103 persoane \u0219i au fost r\u0103nite alte zece.<\/p>\n<p data-start=\"1498\" data-end=\"1625\" data-is-last-node data-is-only-node id=\"p-11\">\u00cen total, de Cr\u0103ciun, atacurile ruse\u0219ti au ucis cinci civili \u0219i au r\u0103nit cel pu\u021bin 23, au informat autorit\u0103\u021bile regionale.<\/p>\n<\/div>\n<\/div>\n<\/div>\n<\/div>\n<\/div>\n<\/div>\n<\/article>\n<\/div>\n","protected":false},"excerpt":{"rendered":"<p>Atacurile Rusiei asupra ora\u0219elor Uman \u0219i Harkov au ucis cel pu\u021bin dou\u0103 persoane \u0219i au r\u0103nit 14 persoane, au anun\u021bat autorit\u0103\u021bile locale vineri, 26 decembrie. Regiunea Harkov a fost vizat\u0103 &hellip; <a href=\"https:\/\/microscopemedia.com\/?p=668313\" class=\"more-link\">Read More<\/a><\/p>\n","protected":false},"author":1,"featured_media":668314,"comment_status":"closed","ping_status":"closed","sticky":false,"template":"Default","format":"standard","meta":[],"categories":[1],"tags":[],"_links":{"self":[{"href":"https:\/\/microscopemedia.com\/index.php?rest_route=\/wp\/v2\/posts\/668313"}],"collection":[{"href":"https:\/\/microscopemedia.com\/index.php?rest_route=\/wp\/v2\/posts"}],"about":[{"href":"https:\/\/microscopemedia.com\/index.php?rest_route=\/wp\/v2\/types\/post"}],"author":[{"embeddable":true,"href":"https:\/\/microscopemedia.com\/index.php?rest_route=\/wp\/v2\/users\/1"}],"replies":[{"embeddable":true,"href":"https:\/\/microscopemedia.com\/index.php?rest_route=%2Fwp%2Fv2%2Fcomments&post=668313"}],"version-history":[{"count":0,"href":"https:\/\/microscopemedia.com\/index.php?rest_route=\/wp\/v2\/posts\/668313\/revisions"}],"wp:featuredmedia":[{"embeddable":true,"href":"https:\/\/microscopemedia.com\/index.php?rest_route=\/wp\/v2\/media\/668314"}],"wp:attachment":[{"href":"https:\/\/microscopemedia.com\/index.php?rest_route=%2Fwp%2Fv2%2Fmedia&parent=668313"}],"wp:term":[{"taxonomy":"category","embeddable":true,"href":"https:\/\/microscopemedia.com\/index.php?rest_route=%2Fwp%2Fv2%2Fcategories&post=668313"},{"taxonomy":"post_tag","embeddable":true,"href":"https:\/\/microscopemedia.com\/index.php?rest_route=%2Fwp%2Fv2%2Ftags&post=668313"}],"curies":[{"name":"wp","href":"https:\/\/api.w.org\/{rel}","templated":true}]}}