{"id":668315,"date":"2025-12-26T17:06:04","date_gmt":"2025-12-26T17:06:04","guid":{"rendered":"https:\/\/microscopemedia.com\/?p=668315"},"modified":"2025-12-26T17:06:04","modified_gmt":"2025-12-26T17:06:04","slug":"david-popovici-nu-ia-pauza-nici-de-craciun-a-revenit-la-antrenamente-imediat-dupa-sarbatori","status":"publish","type":"post","link":"https:\/\/microscopemedia.com\/?p=668315","title":{"rendered":"David Popovici nu ia pauz\u0103 nici de Cr\u0103ciun: a revenit la antrenamente imediat dup\u0103 s\u0103rb\u0103tori"},"content":{"rendered":"<div><img decoding=\"async\" src=\"https:\/\/microscopemedia.com\/wp-content\/uploads\/2025\/12\/david-popovici-nu-ia-pauza-nici-de-craciun-a-revenit-la-antrenamente-imediat-dupa-sarbatori.jpg\" class=\"ff-og-image-inserted\"><\/div>\n<p id=\"p-0\">David Popovici \u0219i-a surprins fanii cu o imagine a doua zi de Cr\u0103ciun \u00een care arat\u0103 cum scap\u0103 de caloriile acumulate la masa de Cr\u0103ciun.&nbsp;Ambi\u021bia \u0219i determinarea \u00eel definesc pe campionul olimpic. David Popovici e un adev\u0103rat exemplu pentru to\u021bi copiii care vor s\u0103 fac\u0103 \u00eenot de <a href=\"https:\/\/www.mediafax.ro\/politic\/presedintele-nicusor-dan-intalnire-la-paris-cu-o-dubla-castigatoare-roland-garros-23663403\">performan\u021b\u0103<\/a>. A ajuns primul la Bazinul Dinamo \u00een a doua zi de Cr\u0103ciun unde a reluat antrenamentele, relateaz\u0103 <a href=\"https:\/\/www.prosport.ro\/alte-sporturi\/ce-a-facut-david-popovici-in-a-doua-zi-de-craciun-20350893\" target=\"_blank\" rel=\"noopener\">prosport.ro<\/a>.<\/p>\n<p id=\"p-1\">Popovici munce\u0219te intens pentru a-\u0219i \u00eendeplini marele vis: dobor\u00e2rea recordului mondial la 100 de metri liber.<\/p>\n<h2 id=\"chapter-0\">David Popovici nu are liber nici de Cr\u0103ciun: \u201eAmbi\u021bia nu ia pauz\u0103\u201d<\/h2>\n<p id=\"p-2\">Nici nu a trecut bine Cr\u0103ciunul c\u0103 David Popovici a revenit la antrenamente. \u00cenot\u0103torul nu sare peste niciun antrenament mai ales c\u0103 are obiective \u00eendr\u0103zne\u021be la urm\u0103toarele competi\u021bii. A fost un an plin de realiz\u0103ri profesionale \u0219i cu toate acestea nu \u0219i-a luat vacan\u021b\u0103 de Cr\u0103ciun.<\/p>\n<p id=\"p-3\">A postat o fotografie de la Bazinul Dinamo, acolo unde se preg\u0103te\u0219te intens \u00een bazinul acoperit pentru urm\u0103toarea edi\u021bie a Jocurilor Olimpice. David Popovici a postat \u0219i un mesaj motiva\u021bional pentru fanii s\u0103i: \u201eAmbi\u021bia nu ia pauz\u0103\u201d.<\/p>\n<p id=\"p-4\">E cunoscut faptul c\u0103 sportivul rom\u00e2n e mare fan al ma\u0219inilor. A postat \u0219i o imagine cu celebrul Porsche din cauza c\u0103ruia a primit un val de reac\u021bii dure anul trecut. David Popovici \u0219i-ar dori s\u0103 ajung\u0103 \u00een SUA \u0219i s\u0103 conduc\u0103 o ma\u0219in\u0103 din Washington p\u00e2n\u0103 \u00een California. \u0218i-ar putea \u00eendeplini dorin\u021ba chiar dup\u0103 Jocurile Olimpice, competi\u021bie la care va \u00eencerca s\u0103 doboare recordul mondial de\u021binut de chinezul Pan Zhanle.<\/p>\n<p id=\"p-5\">\u201eMi-ar pl\u0103cea foarte mult s\u0103 \u00eemi \u00eenchiriez o ma\u0219in\u0103 de pe coasta de vest a Statelor Unite sau s\u0103 \u00eemi transport ma\u0219ina mea acolo, dar nu cred c\u0103 are sens. \u0218i s\u0103 fac din Washington p\u00e2n\u0103 \u00een California, poate \u0219i Canada. Poate \u0219i parcuri na\u021bionale.<\/p>\n<p id=\"p-6\">Nu \u0219tiu care e primul cadou, dar \u0219tiu care a fost preferatul. Mi-am dorit ni\u0219te be\u021be Shaolin \u0219i am \u00een\u021beles ulterior c\u0103 Mo\u0219 Cr\u0103ciun a rezolvat cump\u0103r\u00e2nd o coad\u0103 de m\u0103tur\u0103 pe care a t\u0103iat-o \u00een dou\u0103 \u0219i a scris caractere \u00een chinez\u0103, \u00een japonez\u0103, ceva de genul. Am fost cel mai fericit\u201d, a declarat David Popovici, potrivit as.ro.<\/p>\n<p id=\"p-7\"><strong>Urm\u0103toarea competi\u021bie la care va lua parte David Popovici este Campionatul European de Nata\u021bie de la Paris, din 2026<\/strong>. Competi\u021bia se va desf\u0103\u0219ura \u00eencep\u00e2nd cu 31 iulie. La finalul anului viitor vor avea loc \u0219i Campionatele Mondiale \u00een bazin scurt de 25 de metri, la Beijing.<\/p>\n","protected":false},"excerpt":{"rendered":"<p>David Popovici \u0219i-a surprins fanii cu o imagine a doua zi de Cr\u0103ciun \u00een care arat\u0103 cum scap\u0103 de caloriile acumulate la masa de Cr\u0103ciun.&nbsp;Ambi\u021bia \u0219i determinarea \u00eel definesc pe &hellip; <a href=\"https:\/\/microscopemedia.com\/?p=668315\" class=\"more-link\">Read More<\/a><\/p>\n","protected":false},"author":1,"featured_media":668316,"comment_status":"closed","ping_status":"closed","sticky":false,"template":"Default","format":"standard","meta":[],"categories":[1],"tags":[],"_links":{"self":[{"href":"https:\/\/microscopemedia.com\/index.php?rest_route=\/wp\/v2\/posts\/668315"}],"collection":[{"href":"https:\/\/microscopemedia.com\/index.php?rest_route=\/wp\/v2\/posts"}],"about":[{"href":"https:\/\/microscopemedia.com\/index.php?rest_route=\/wp\/v2\/types\/post"}],"author":[{"embeddable":true,"href":"https:\/\/microscopemedia.com\/index.php?rest_route=\/wp\/v2\/users\/1"}],"replies":[{"embeddable":true,"href":"https:\/\/microscopemedia.com\/index.php?rest_route=%2Fwp%2Fv2%2Fcomments&post=668315"}],"version-history":[{"count":0,"href":"https:\/\/microscopemedia.com\/index.php?rest_route=\/wp\/v2\/posts\/668315\/revisions"}],"wp:featuredmedia":[{"embeddable":true,"href":"https:\/\/microscopemedia.com\/index.php?rest_route=\/wp\/v2\/media\/668316"}],"wp:attachment":[{"href":"https:\/\/microscopemedia.com\/index.php?rest_route=%2Fwp%2Fv2%2Fmedia&parent=668315"}],"wp:term":[{"taxonomy":"category","embeddable":true,"href":"https:\/\/microscopemedia.com\/index.php?rest_route=%2Fwp%2Fv2%2Fcategories&post=668315"},{"taxonomy":"post_tag","embeddable":true,"href":"https:\/\/microscopemedia.com\/index.php?rest_route=%2Fwp%2Fv2%2Ftags&post=668315"}],"curies":[{"name":"wp","href":"https:\/\/api.w.org\/{rel}","templated":true}]}}