{"id":668321,"date":"2025-12-26T17:56:03","date_gmt":"2025-12-26T17:56:03","guid":{"rendered":"https:\/\/microscopemedia.com\/?p=668321"},"modified":"2025-12-26T17:56:03","modified_gmt":"2025-12-26T17:56:03","slug":"nicusor-dan-si-a-petrecut-noaptea-de-craciun-in-satul-bunicilor-ileni-foaie-verde-de-trifoi-presedintele-i-la-noi","status":"publish","type":"post","link":"https:\/\/microscopemedia.com\/?p=668321","title":{"rendered":"Nicu\u0219or Dan \u0219i-a petrecut noaptea de Cr\u0103ciun \u00een satul bunicilor, Ileni: Foaie verde de trifoi, Pre\u0219edintele-i la noi"},"content":{"rendered":"<div><img decoding=\"async\" src=\"https:\/\/microscopemedia.com\/wp-content\/uploads\/2025\/12\/nicusor-dan-si-a-petrecut-noaptea-de-craciun-in-satul-bunicilor-ileni-foaie-verde-de-trifoi-presedintele-i-la-noi.jpg\" class=\"ff-og-image-inserted\"><\/div>\n<p id=\"p-0\"><span dir=\"auto\">Pre\u0219edintele Rom\u00e2niei \u0219i-a petrecut noaptea de Cr\u0103ciun \u00een satul Ileni, din jude\u021bul Bra\u0219ov. <\/span><\/p>\n<p id=\"p-1\">\u0218eful statului a fost primit la muzeul din sat cu p\u00e2ine \u0219i sare, iar gazdele i-au c\u00e2ntat o colind\u0103.<\/p>\n<p id=\"p-2\"><span dir=\"auto\">Pre\u0219edintele Rom\u00e2niei a c\u00e2ntat al\u0103turi de ei.<\/span><\/p>\n<p id=\"p-3\">\u201eVizita domnului pre\u0219edinte Nicu\u0219or Dan la Muzeul din Ileni ne-a emo\u021bionat \u0219i ne-a onorat. <strong>A fost o \u00eentoarcere acas\u0103, ca fiu al satului, un moment care ne-a reamintit c\u0103 leg\u0103tura cu locurile natale r\u0103m\u00e2ne vie, indiferent de drumurile vie\u021bii<\/strong>. Pentru comunitatea noastr\u0103, prezen\u021ba sa a fost un semn de apropiere, respect \u0219i continuitate. V\u0103 mul\u021bumim pentru c\u0103 a\u021bi revenit acas\u0103 \u0219i pentru c\u0103 purta\u021bi Ileniul cu dumneavoastr\u0103\u201d, au transmis membrii comunit\u0103\u021bii, potrivit paginii de Facebook \u201eSatul Ileni\u201d.<\/p>\n<p id=\"p-4\">Nicu\u0219or Dan este n\u0103scut \u00een F\u0103g\u0103ra\u0219, iar copil\u0103ria \u0219i-a petrecut-o la bunici, \u00een satul Ileni, aflat la 12 kilometri distan\u021b\u0103 de locul natal.<\/p>\n","protected":false},"excerpt":{"rendered":"<p>Pre\u0219edintele Rom\u00e2niei \u0219i-a petrecut noaptea de Cr\u0103ciun \u00een satul Ileni, din jude\u021bul Bra\u0219ov. \u0218eful statului a fost primit la muzeul din sat cu p\u00e2ine \u0219i sare, iar gazdele i-au c\u00e2ntat &hellip; <a href=\"https:\/\/microscopemedia.com\/?p=668321\" class=\"more-link\">Read More<\/a><\/p>\n","protected":false},"author":1,"featured_media":668322,"comment_status":"closed","ping_status":"closed","sticky":false,"template":"Default","format":"standard","meta":[],"categories":[1],"tags":[],"_links":{"self":[{"href":"https:\/\/microscopemedia.com\/index.php?rest_route=\/wp\/v2\/posts\/668321"}],"collection":[{"href":"https:\/\/microscopemedia.com\/index.php?rest_route=\/wp\/v2\/posts"}],"about":[{"href":"https:\/\/microscopemedia.com\/index.php?rest_route=\/wp\/v2\/types\/post"}],"author":[{"embeddable":true,"href":"https:\/\/microscopemedia.com\/index.php?rest_route=\/wp\/v2\/users\/1"}],"replies":[{"embeddable":true,"href":"https:\/\/microscopemedia.com\/index.php?rest_route=%2Fwp%2Fv2%2Fcomments&post=668321"}],"version-history":[{"count":0,"href":"https:\/\/microscopemedia.com\/index.php?rest_route=\/wp\/v2\/posts\/668321\/revisions"}],"wp:featuredmedia":[{"embeddable":true,"href":"https:\/\/microscopemedia.com\/index.php?rest_route=\/wp\/v2\/media\/668322"}],"wp:attachment":[{"href":"https:\/\/microscopemedia.com\/index.php?rest_route=%2Fwp%2Fv2%2Fmedia&parent=668321"}],"wp:term":[{"taxonomy":"category","embeddable":true,"href":"https:\/\/microscopemedia.com\/index.php?rest_route=%2Fwp%2Fv2%2Fcategories&post=668321"},{"taxonomy":"post_tag","embeddable":true,"href":"https:\/\/microscopemedia.com\/index.php?rest_route=%2Fwp%2Fv2%2Ftags&post=668321"}],"curies":[{"name":"wp","href":"https:\/\/api.w.org\/{rel}","templated":true}]}}