{"id":668333,"date":"2025-12-26T18:56:04","date_gmt":"2025-12-26T18:56:04","guid":{"rendered":"https:\/\/microscopemedia.com\/?p=668333"},"modified":"2025-12-26T18:56:04","modified_gmt":"2025-12-26T18:56:04","slug":"cod-rosu-de-vant-in-caras-severin-si-hunedoara-rafale-de-peste-140-km-h-in-zonele-montane","status":"publish","type":"post","link":"https:\/\/microscopemedia.com\/?p=668333","title":{"rendered":"Cod ro\u0219u de v\u00e2nt \u00een Cara\u0219-Severin \u0219i Hunedoara: rafale de peste 140 km\/h \u00een zonele montane"},"content":{"rendered":"<div><img decoding=\"async\" src=\"https:\/\/microscopemedia.com\/wp-content\/uploads\/2025\/12\/cod-rosu-de-vant-in-caras-severin-si-hunedoara-rafale-de-peste-140-km-h-in-zonele-montane.webp\" class=\"ff-og-image-inserted\"><\/div>\n<h2 data-start=\"95\" data-end=\"337\" id=\"chapter-0\">UPDATE<\/h2>\n<p data-start=\"0\" data-end=\"268\" id=\"p-0\">Pentru a asigura un r\u0103spuns rapid la efectele fenomenelor meteorologice aflate sub avertizare, ISU Hunedoara a activat Grupa Operativ\u0103.<\/p>\n<p data-start=\"0\" data-end=\"268\" id=\"p-1\">\u00cen acela\u0219i timp, au fost contactate echipele de interven\u021bie ale Inspectoratului de Jandarmi Jude\u021bean \u0219i ale SALVAMONT Hunedoara.<\/p>\n<p data-start=\"270\" data-end=\"560\" data-is-last-node data-is-only-node id=\"p-2\">Au fost stabilite \u0219i alte m\u0103suri, printre care informarea autorit\u0103\u021bilor din unit\u0103\u021bile administrativ-teritoriale, \u00een vederea aplic\u0103rii procedurilor prev\u0103zute \u00een planurile aflate \u00een vigoare pentru situa\u021bii de urgen\u021b\u0103, precum \u0219i alertarea altor institu\u021bii cu responsabilit\u0103\u021bi \u00een acest domeniu.<\/p>\n<h2 data-start=\"95\" data-end=\"337\" id=\"chapter-1\">\u0218tirea ini\u021bial\u0103<\/h2>\n<p data-start=\"95\" data-end=\"337\" id=\"p-3\">Administra\u021bia Na\u021bional\u0103 de Meteorologie (ANM) a emis vineri seara un <strong data-start=\"163\" data-end=\"183\">cod ro\u0219u de v\u00e2nt<\/strong>, valabil \u00eencep\u00e2nd cu ora 20:10 p\u00e2n\u0103 la 22:00, pentru zonele montane ale jude\u021belor <strong data-start=\"266\" data-end=\"296\">Cara\u0219-Severin \u0219i Hunedoara<\/strong>, la altitudini de peste 1800 de metri.<\/p>\n<p data-start=\"339\" data-end=\"675\" id=\"p-4\">Conform ANM, \u00een aceste zone se vor \u00eenregistra <strong data-start=\"385\" data-end=\"438\">intensific\u0103ri puternice \u0219i sus\u021binute ale v\u00e2ntului<\/strong>, cu <strong data-start=\"443\" data-end=\"488\">viteze care vor dep\u0103\u0219i 140 km\/h la rafal\u0103<\/strong>.<\/p>\n<p data-start=\"339\" data-end=\"675\" id=\"p-5\">Meteorologii avertizeaz\u0103 popula\u021bia \u0219i autorit\u0103\u021bile locale s\u0103 adopte m\u0103suri de precau\u021bie, s\u0103 evite deplas\u0103rile \u00een zonele expuse \u0219i s\u0103 fie aten\u021bi la obiectele care pot fi luate sau rupte de v\u00e2nt.<\/p>\n<p data-start=\"677\" data-end=\"903\" id=\"p-6\">Speciali\u0219tii recomand\u0103 verificarea echipamentelor \u0219i construc\u021biilor aflate \u00een zonele montane, dar \u0219i informarea imediat\u0103 a serviciilor de urgen\u021b\u0103 \u00een cazul producerii unor evenimente periculoase cauzate de v\u00e2ntul puternic.<\/p>\n","protected":false},"excerpt":{"rendered":"<p>UPDATE Pentru a asigura un r\u0103spuns rapid la efectele fenomenelor meteorologice aflate sub avertizare, ISU Hunedoara a activat Grupa Operativ\u0103. \u00cen acela\u0219i timp, au fost contactate echipele de interven\u021bie ale &hellip; <a href=\"https:\/\/microscopemedia.com\/?p=668333\" class=\"more-link\">Read More<\/a><\/p>\n","protected":false},"author":1,"featured_media":668334,"comment_status":"closed","ping_status":"closed","sticky":false,"template":"Default","format":"standard","meta":[],"categories":[1],"tags":[],"_links":{"self":[{"href":"https:\/\/microscopemedia.com\/index.php?rest_route=\/wp\/v2\/posts\/668333"}],"collection":[{"href":"https:\/\/microscopemedia.com\/index.php?rest_route=\/wp\/v2\/posts"}],"about":[{"href":"https:\/\/microscopemedia.com\/index.php?rest_route=\/wp\/v2\/types\/post"}],"author":[{"embeddable":true,"href":"https:\/\/microscopemedia.com\/index.php?rest_route=\/wp\/v2\/users\/1"}],"replies":[{"embeddable":true,"href":"https:\/\/microscopemedia.com\/index.php?rest_route=%2Fwp%2Fv2%2Fcomments&post=668333"}],"version-history":[{"count":0,"href":"https:\/\/microscopemedia.com\/index.php?rest_route=\/wp\/v2\/posts\/668333\/revisions"}],"wp:featuredmedia":[{"embeddable":true,"href":"https:\/\/microscopemedia.com\/index.php?rest_route=\/wp\/v2\/media\/668334"}],"wp:attachment":[{"href":"https:\/\/microscopemedia.com\/index.php?rest_route=%2Fwp%2Fv2%2Fmedia&parent=668333"}],"wp:term":[{"taxonomy":"category","embeddable":true,"href":"https:\/\/microscopemedia.com\/index.php?rest_route=%2Fwp%2Fv2%2Fcategories&post=668333"},{"taxonomy":"post_tag","embeddable":true,"href":"https:\/\/microscopemedia.com\/index.php?rest_route=%2Fwp%2Fv2%2Ftags&post=668333"}],"curies":[{"name":"wp","href":"https:\/\/api.w.org\/{rel}","templated":true}]}}