{"id":668335,"date":"2025-12-26T19:06:05","date_gmt":"2025-12-26T19:06:05","guid":{"rendered":"https:\/\/microscopemedia.com\/?p=668335"},"modified":"2025-12-26T19:06:05","modified_gmt":"2025-12-26T19:06:05","slug":"irineu-darau-daca-as-spune-ca-anul-viitor-va-fi-usor-as-minti","status":"publish","type":"post","link":"https:\/\/microscopemedia.com\/?p=668335","title":{"rendered":"Irineu Dar\u0103u: Dac\u0103 a\u0219 spune c\u0103 anul viitor va fi u\u0219or, a\u0219 min\u021bi"},"content":{"rendered":"<div><img decoding=\"async\" src=\"https:\/\/microscopemedia.com\/wp-content\/uploads\/2025\/12\/irineu-darau-daca-as-spune-ca-anul-viitor-va-fi-usor-as-minti.jpg\" class=\"ff-og-image-inserted\"><\/div>\n<p id=\"p-0\">Irineu Dar\u0103u a fost \u00eentrebat, vineri, la Digi 24, cum va fi anul 2026.<\/p>\n<p id=\"p-1\">\u201eNiciodat\u0103 nu sunt populist. Dac\u0103 a\u0219 spune c\u0103 anul viitor va fi unul foarte u\u0219or, a\u0219 min\u021bi. Anul urm\u0103tor va fi \u00een continuare greu. Cred, totu\u0219i, c\u0103 undeva pe parcursul anului se vor g\u0103si resurse s\u0103 se \u00eembun\u0103t\u0103\u021beasc\u0103 individual, m\u0103car c\u00e2te ceva, \u0219i eu personal \u00eemi doresc, poate cu ni\u0219te m\u0103suri mici s\u0103 g\u0103sesc solu\u021bii, poate care nu cost\u0103, pentru a \u00eembun\u0103t\u0103\u021bi pu\u021bin via\u021ba antreprenorilor, dar cred c\u0103 anul viitor este anul de calibrare care s\u0103 ne a\u0219tearn\u0103, dac\u0103 vre\u021bi, o foaie alb\u0103 \u0219i curat\u0103 pentru 2027 \u0219i dezvoltare. Cred, a\u0219a cum a fost spus de la instalarea Guvernului, c\u0103 aceasta este misiunea Guvernului\u201d, a spus Dar\u0103u.<\/p>\n<p id=\"p-2\">Ministrul Economiei afirm\u0103 c\u0103 \u201emaxim la sf\u00e2r\u0219itul lui 2026 s\u0103 se termine perioada grea \u0219i s\u0103 punem c\u0103r\u0103mizile viitoarei dezvolt\u0103ri\u201d.<\/p>\n<p id=\"p-3\">\u201eNu e u\u0219or. Cred c\u0103 problema cea mai mare (\u2026) este \u00eencrederea. E greu pentru oameni, \u00een situa\u021bii grele, cu taxe mari, s\u0103 aib\u0103 \u00eencredere \u00een stat. Eu le-a\u0219 cere\u2026 i-a\u0219 ruga s\u0103 aib\u0103 \u00eencredere \u00een aceast\u0103 guvernare, pentru c\u0103 \u00eentotdeauna populismul e mai r\u0103u dec\u00e2t realismul. Realismul uneori doare, uneori trebuie s\u0103 d\u0103m ni\u0219te pa\u0219i \u00eenapoi fa\u021b\u0103 de ce s-a dat \u00een trecut pentru campanii \u0219i a\u0219a mai departe, ce au dat al\u021bii, dar cred c\u0103 a\u0219a se redreseaz\u0103 o situa\u021bie, p\u00e2n\u0103 la urm\u0103 a\u0219a cum facem \u0219i \u00een familie\u201d, afirm\u0103 Dar\u0103u.<\/p>\n<p id=\"p-4\">&nbsp;<\/p>\n","protected":false},"excerpt":{"rendered":"<p>Irineu Dar\u0103u a fost \u00eentrebat, vineri, la Digi 24, cum va fi anul 2026. \u201eNiciodat\u0103 nu sunt populist. Dac\u0103 a\u0219 spune c\u0103 anul viitor va fi unul foarte u\u0219or, a\u0219 &hellip; <a href=\"https:\/\/microscopemedia.com\/?p=668335\" class=\"more-link\">Read More<\/a><\/p>\n","protected":false},"author":1,"featured_media":668336,"comment_status":"closed","ping_status":"closed","sticky":false,"template":"Default","format":"standard","meta":[],"categories":[1],"tags":[],"_links":{"self":[{"href":"https:\/\/microscopemedia.com\/index.php?rest_route=\/wp\/v2\/posts\/668335"}],"collection":[{"href":"https:\/\/microscopemedia.com\/index.php?rest_route=\/wp\/v2\/posts"}],"about":[{"href":"https:\/\/microscopemedia.com\/index.php?rest_route=\/wp\/v2\/types\/post"}],"author":[{"embeddable":true,"href":"https:\/\/microscopemedia.com\/index.php?rest_route=\/wp\/v2\/users\/1"}],"replies":[{"embeddable":true,"href":"https:\/\/microscopemedia.com\/index.php?rest_route=%2Fwp%2Fv2%2Fcomments&post=668335"}],"version-history":[{"count":0,"href":"https:\/\/microscopemedia.com\/index.php?rest_route=\/wp\/v2\/posts\/668335\/revisions"}],"wp:featuredmedia":[{"embeddable":true,"href":"https:\/\/microscopemedia.com\/index.php?rest_route=\/wp\/v2\/media\/668336"}],"wp:attachment":[{"href":"https:\/\/microscopemedia.com\/index.php?rest_route=%2Fwp%2Fv2%2Fmedia&parent=668335"}],"wp:term":[{"taxonomy":"category","embeddable":true,"href":"https:\/\/microscopemedia.com\/index.php?rest_route=%2Fwp%2Fv2%2Fcategories&post=668335"},{"taxonomy":"post_tag","embeddable":true,"href":"https:\/\/microscopemedia.com\/index.php?rest_route=%2Fwp%2Fv2%2Ftags&post=668335"}],"curies":[{"name":"wp","href":"https:\/\/api.w.org\/{rel}","templated":true}]}}