{"id":668337,"date":"2025-12-26T19:16:04","date_gmt":"2025-12-26T19:16:04","guid":{"rendered":"https:\/\/microscopemedia.com\/?p=668337"},"modified":"2025-12-26T19:16:04","modified_gmt":"2025-12-26T19:16:04","slug":"zelenski-spune-ca-este-gata-pentru-un-referendum-asupra-planului-lui-trump-privind-incetarea-focului","status":"publish","type":"post","link":"https:\/\/microscopemedia.com\/?p=668337","title":{"rendered":"Zelenski spune c\u0103 este \u201egata\u201d pentru un referendum asupra planului lui Trump privind \u00eencetarea focului"},"content":{"rendered":"<div><img decoding=\"async\" src=\"https:\/\/microscopemedia.com\/wp-content\/uploads\/2025\/12\/zelenski-spune-ca-este-gata-pentru-un-referendum-asupra-planului-lui-trump-privind-incetarea-focului.jpg\" class=\"ff-og-image-inserted\"><\/div>\n<p data-start=\"108\" data-end=\"335\" id=\"p-0\">Pre\u0219edintele Ucrainei, Volodimir Zelenski, a declarat vineri pentru <a href=\"https:\/\/www.axios.com\/2025\/12\/26\/zelensky-ukraine-plan-referendum-trump-meeting\">Axios<\/a> c\u0103 sper\u0103 la un acord cu pre\u0219edintele Donald Trump asupra unui cadru general pentru oprirea r\u0103zboiului.<\/p>\n<p data-start=\"108\" data-end=\"335\" id=\"p-1\">Cei doi pre\u0219edin\u021bi urmeaz\u0103 s\u0103 se \u00eent\u00e2lneasc\u0103 duminic\u0103 pentru discu\u021bii, conform aceleia\u0219i surse.<\/p>\n<p data-start=\"337\" data-end=\"581\" id=\"p-2\">Volodimir Zelenski a afirmat c\u0103 accept\u0103 ideea unui referendum na\u021bional asupra acestui plan, dac\u0103 Rusia \u00ee\u0219i d\u0103 acordul pentru o \u00eencetare a focului de cel pu\u021bin 60 de zile.<\/p>\n<p data-start=\"337\" data-end=\"581\" id=\"p-3\">Pre\u0219edintele consider\u0103 acest interval necesar pentru organizarea votului \u00een condi\u021bii corecte.<\/p>\n<p data-start=\"583\" data-end=\"900\" id=\"p-4\">De\u0219i liderul ucrainean vorbe\u0219te despre progrese importante, planul propus de Trump presupune concesii teritoriale dificile \u00een estul \u021b\u0103rii.<\/p>\n<p data-start=\"583\" data-end=\"900\" id=\"p-5\">Zelenski a transmis c\u0103 \u00eencearc\u0103 s\u0103 ob\u021bin\u0103 condi\u021bii mai bune \u0219i c\u0103 are nevoie de sprijinul popula\u021biei dac\u0103 nu reu\u0219e\u0219te s\u0103 ajung\u0103 la o pozi\u021bie \u201eputernic\u0103\u201d \u00een privin\u021ba teritoriului.<\/p>\n<p data-start=\"902\" data-end=\"1307\" id=\"p-6\">Partea american\u0103 vede disponibilitatea pentru referendum drept un pas major \u00eenainte.<\/p>\n<p data-start=\"902\" data-end=\"1307\" id=\"p-7\">Totu\u0219i, Zelenski a declarat c\u0103 un astfel de vot ridic\u0103 probleme serioase politice, logistice \u0219i de securitate. Din acest motiv, consider\u0103 c\u0103 un armisti\u021biu de dou\u0103 luni \u201eeste minimul\u201d.<\/p>\n<p data-start=\"902\" data-end=\"1307\" id=\"p-8\">Un oficial american de rang \u00eenalt a declarat tot pentru Axios c\u0103 Rusia \u00een\u021belege nevoia unui armisti\u021biu, dar prefer\u0103 un termen mai scurt.<\/p>\n<p data-start=\"1309\" data-end=\"1505\" id=\"p-9\">Pre\u0219edintele ucrainean a declarat c\u0103 nu \u0219tie \u00eenc\u0103 dac\u0103 Moscova accept\u0103 planul lui Trump.<\/p>\n<p data-start=\"1309\" data-end=\"1505\" id=\"p-10\">\u201eAm unele informa\u021bii, dar sunt \u00een momentul \u00een care vreau s\u0103 cred doar \u00een cuvintele liderilor\u201d, a spus Zelenski.<\/p>\n<p data-start=\"1773\" data-end=\"2194\" id=\"p-11\">Referitor la garan\u021biile de securitate, Zelenski a precizat, \u00een exclusivitate pentru Axios, c\u0103 \u201esuntem preg\u0103ti\u021bi cu aceste documente\u201d, dar a men\u021bionat existen\u021ba unor \u201echestiuni tehnice\u201d care mai necesit\u0103 discu\u021bii.<\/p>\n<p data-start=\"1773\" data-end=\"2194\" id=\"p-12\">Un punct important r\u0103m\u00e2ne durata acordului de pace dintre state. Statele Unite ale Americii au propus 15 ani, cu op\u021biune de prelungire.<\/p>\n<p data-start=\"1773\" data-end=\"2194\" id=\"p-13\">\u201eCred c\u0103 avem nevoie de mai mult de 15 ani\u201d, a spus Volodimir Zelenski, care ar considera un \u201emare succes\u201d un acord mai lung acceptat de Trump.<\/p>\n<p data-start=\"2196\" data-end=\"2456\" id=\"p-14\">El a confirmat c\u0103 at\u00e2t SUA, c\u00e2t \u0219i Ucraina vor trimite acordurile c\u0103tre parlamentele lor pentru ratificare. Zelenski a spus c\u0103 apreciaz\u0103 munca lui Steve Witkoff, Jared Kushner \u0219i a echipei sale, coordonat\u0103 de consilierul pentru securitate na\u021bional\u0103 Rustem Umerov.<\/p>\n<p data-start=\"2458\" data-end=\"2802\" id=\"p-15\">Zelenski a spus c\u0103 vrea \u00een continuare o pozi\u021bie mai bun\u0103 pe tema teritoriilor.<\/p>\n<p data-start=\"2458\" data-end=\"2802\" id=\"p-16\">Dac\u0103 planul impune o decizie \u201efoarte dificil\u0103\u201d, el vede drept solu\u021bie prezentarea \u00eentregului plan, format din 20 de puncte, la referendum.<\/p>\n<p data-start=\"2458\" data-end=\"2802\" id=\"p-17\">El a comparat acest proces cu votul Brexit din Marea Britanie, dar \u00eentr-un timp mult mai scurt.<\/p>\n","protected":false},"excerpt":{"rendered":"<p>Pre\u0219edintele Ucrainei, Volodimir Zelenski, a declarat vineri pentru Axios c\u0103 sper\u0103 la un acord cu pre\u0219edintele Donald Trump asupra unui cadru general pentru oprirea r\u0103zboiului. Cei doi pre\u0219edin\u021bi urmeaz\u0103 s\u0103 &hellip; <a href=\"https:\/\/microscopemedia.com\/?p=668337\" class=\"more-link\">Read More<\/a><\/p>\n","protected":false},"author":1,"featured_media":668338,"comment_status":"closed","ping_status":"closed","sticky":false,"template":"Default","format":"standard","meta":[],"categories":[1],"tags":[],"_links":{"self":[{"href":"https:\/\/microscopemedia.com\/index.php?rest_route=\/wp\/v2\/posts\/668337"}],"collection":[{"href":"https:\/\/microscopemedia.com\/index.php?rest_route=\/wp\/v2\/posts"}],"about":[{"href":"https:\/\/microscopemedia.com\/index.php?rest_route=\/wp\/v2\/types\/post"}],"author":[{"embeddable":true,"href":"https:\/\/microscopemedia.com\/index.php?rest_route=\/wp\/v2\/users\/1"}],"replies":[{"embeddable":true,"href":"https:\/\/microscopemedia.com\/index.php?rest_route=%2Fwp%2Fv2%2Fcomments&post=668337"}],"version-history":[{"count":0,"href":"https:\/\/microscopemedia.com\/index.php?rest_route=\/wp\/v2\/posts\/668337\/revisions"}],"wp:featuredmedia":[{"embeddable":true,"href":"https:\/\/microscopemedia.com\/index.php?rest_route=\/wp\/v2\/media\/668338"}],"wp:attachment":[{"href":"https:\/\/microscopemedia.com\/index.php?rest_route=%2Fwp%2Fv2%2Fmedia&parent=668337"}],"wp:term":[{"taxonomy":"category","embeddable":true,"href":"https:\/\/microscopemedia.com\/index.php?rest_route=%2Fwp%2Fv2%2Fcategories&post=668337"},{"taxonomy":"post_tag","embeddable":true,"href":"https:\/\/microscopemedia.com\/index.php?rest_route=%2Fwp%2Fv2%2Ftags&post=668337"}],"curies":[{"name":"wp","href":"https:\/\/api.w.org\/{rel}","templated":true}]}}