{"id":668345,"date":"2025-12-26T20:16:04","date_gmt":"2025-12-26T20:16:04","guid":{"rendered":"https:\/\/microscopemedia.com\/?p=668345"},"modified":"2025-12-26T20:16:04","modified_gmt":"2025-12-26T20:16:04","slug":"update-caz-grav-la-scoala-de-subofiteri-din-campina-elev-acuza-un-comisar-de-agresiune-sexuala","status":"publish","type":"post","link":"https:\/\/microscopemedia.com\/?p=668345","title":{"rendered":"UPDATE: Caz grav la \u0218coala de Subofi\u021beri din C\u00e2mpina: elev acuz\u0103 un comisar de agresiune sexual\u0103"},"content":{"rendered":"<div><img decoding=\"async\" src=\"https:\/\/microscopemedia.com\/wp-content\/uploads\/2025\/12\/update-caz-grav-la-scoala-de-subofiteri-din-campina-elev-acuza-un-comisar-de-agresiune-sexuala.jpg\" class=\"ff-og-image-inserted\"><\/div>\n<h2 data-start=\"938\" data-end=\"1217\" id=\"chapter-0\">UPDATE<\/h2>\n<p id=\"p-0\">\u201eLa nivelul Inspectoratului Jude\u021bean de Poli\u021bie Prahova \u2013 Serviciul de Investiga\u021bii Criminale se efectueaz\u0103 cercet\u0103ri, \u00eentr-un dosar penal \u00eentocmit sub aspectul s\u0103v\u00e2r\u0219irii infrac\u021biunii de tentativ\u0103 la viol, sub supravegherea Parchetului de pe l\u00e2ng\u0103 Tribunalul Prahova.&nbsp;Cercet\u0103rile au fost demarate ca urmare a unei sesiz\u0103ri formulate de reprezentan\u021bii unei institu\u021bii de \u00eenv\u0103\u021b\u0103m\u00e2nt postliceal, din C\u00e2mpina\u201d, anun\u021b\u0103 IPJ Prahova.<\/p>\n<p id=\"p-1\">Potrivit politi\u0219tilor, \u201e<strong>persoana b\u0103nuit\u0103 de comiterea faptei, un b\u0103rbat de 49 de ani<\/strong>\u201d, a fost condus\u0103 la sediul unit\u0103\u021bii de poli\u021bie, \u00een vederea audierii.<\/p>\n<p id=\"p-2\">\u201eFa\u021b\u0103 de acesta <strong>a fost dispus\u0103 m\u0103sura re\u021binerii pentru 24 de ore<\/strong>, urm\u00e2nd s\u0103 fie analizat\u0103 oportunitatea lu\u0103rii unei alte m\u0103suri preventive\u201d, se arat\u0103 \u00een comunicat.<\/p>\n<h2 data-start=\"938\" data-end=\"1217\" id=\"chapter-1\">\u0218tirea ini\u021bial\u0103<\/h2>\n<p data-start=\"938\" data-end=\"1217\" id=\"p-3\">Un <strong data-start=\"941\" data-end=\"974\">caz grav de agresiune sexual\u0103<\/strong> zguduie <strong data-start=\"983\" data-end=\"1030\">\u0218coala de Subofi\u021beri de Poli\u021bie din C\u00e2mpina<\/strong>, dup\u0103 ce un <strong data-start=\"1043\" data-end=\"1051\">elev<\/strong> a depus o pl\u00e2ngere \u00eempotriva unui <strong data-start=\"1086\" data-end=\"1108\">ofi\u021ber de serviciu<\/strong>, cu grad de <strong data-start=\"1121\" data-end=\"1132\">comisar<\/strong>, acuz\u00e2ndu-l c\u0103 i-ar fi cerut <strong data-start=\"1162\" data-end=\"1182\">favoruri sexuale<\/strong> \u00een incinta unit\u0103\u021bii de \u00eenv\u0103\u021b\u0103m\u00e2nt.<\/p>\n<p data-start=\"1219\" data-end=\"1429\" id=\"p-4\">Potrivit <a href=\"https:\/\/tvrinfo.ro\/scandal-de-agresiune-sexuala-la-scoala-de-politie-din-campina\/?fbclid=IwY2xjawO7v3RleHRuA2FlbQIxMQBzcnRjBmFwcF9pZBAyMjIwMzkxNzg4MjAwODkyAAEe3rjWV8DSCRtUTLl3MFghlQNIvi6JM4SoYos8t3kvGzqsUbH1hE0vsXEY1TI_aem_6gBOhvWwnYJw-UO0Jl8TFg\" target=\"_blank\" rel=\"noopener\">TVR Info<\/a>, conducerea \u0219colii a sesizat <strong data-start=\"1270\" data-end=\"1305\">Poli\u021bia C\u00e2mpina pe 20 decembrie<\/strong>, iar faptele anchetate ar fi avut loc \u00een <strong data-start=\"1347\" data-end=\"1382\">noaptea de 18 spre 19 decembrie<\/strong>, \u00eentr-un <strong data-start=\"1392\" data-end=\"1428\">birou al unui comisar de poli\u021bie<\/strong>.<\/p>\n<p data-start=\"1431\" data-end=\"1714\" id=\"p-5\">Surse judiciare sus\u021bin c\u0103 <strong data-start=\"1457\" data-end=\"1472\">patru elevi<\/strong> au fost chema\u021bi ini\u021bial \u00een biroul ofi\u021berului de serviciu, \u00eens\u0103 <strong data-start=\"1536\" data-end=\"1585\">doar victima ar fi r\u0103mas ulterior \u00een \u00eenc\u0103pere<\/strong>. Comisarul ar fi \u00eencercat s\u0103 \u00eel dezbrace pe t\u00e2n\u0103r, <strong data-start=\"1637\" data-end=\"1675\">i-ar fi rupt nasturii pantalonilor<\/strong> \u0219i <strong data-start=\"1679\" data-end=\"1713\">l-ar fi atins \u00een zona genital\u0103<\/strong>.<\/p>\n<p data-start=\"1716\" data-end=\"1908\" id=\"p-6\">Elevul ar fi reu\u0219it s\u0103 p\u0103r\u0103seasc\u0103 biroul <strong data-start=\"1757\" data-end=\"1803\">dup\u0103 ce ar fi promis c\u0103 va reveni ulterior<\/strong>, \u00eens\u0103 a relatat cele \u00eent\u00e2mplate <strong data-start=\"1836\" data-end=\"1865\">colegilor \u0219i dirigintelui<\/strong>, fapt ce a dus la sesizarea autorit\u0103\u021bilor.<\/p>\n<h2 data-start=\"1943\" data-end=\"1985\" id=\"chapter-2\"><strong data-start=\"1943\" data-end=\"1985\">Reac\u021bii din sistemul de ordine public\u0103<\/strong><\/h2>\n<p data-start=\"1987\" data-end=\"2207\" id=\"p-7\">Mihai Zlat, <strong data-start=\"1999\" data-end=\"2039\">vicepre\u0219edinte al sindicatului SNPPC<\/strong>, a confirmat gravitatea situa\u021biei, subliniind c\u0103 incidentul s-a produs <strong data-start=\"2111\" data-end=\"2151\">\u00eentr-o institu\u021bie \u00eenchis\u0103 publicului<\/strong>, unde elevii ar trebui s\u0103 fie <strong data-start=\"2182\" data-end=\"2206\">\u00een deplin\u0103 siguran\u021b\u0103<\/strong>.<\/p>\n<p data-start=\"2209\" data-end=\"2415\" id=\"p-8\">Expertul judiciarist <strong data-start=\"2230\" data-end=\"2246\">C\u0103t\u0103lin \u021aone<\/strong> atrage aten\u021bia c\u0103 astfel de fapte afecteaz\u0103 <strong data-start=\"2291\" data-end=\"2323\">\u00eencrederea \u00een Poli\u021bia Rom\u00e2n\u0103<\/strong>, subliniind necesitatea <strong data-start=\"2348\" data-end=\"2373\">elimin\u0103rii din sistem<\/strong> a persoanelor cu astfel de comportamente.<\/p>\n<h2 data-start=\"2448\" data-end=\"2481\" id=\"chapter-3\"><strong data-start=\"2448\" data-end=\"2481\">Comisarul este cercetat penal<\/strong><\/h2>\n<p data-start=\"2483\" data-end=\"2743\" id=\"p-9\">Comisarul acuzat este <strong data-start=\"2505\" data-end=\"2548\">cercetat penal pentru agresiune sexual\u0103<\/strong>, iar dosarul este instrumentat de <strong data-start=\"2583\" data-end=\"2628\">Parchetul de pe l\u00e2ng\u0103 Judec\u0103toria C\u00e2mpina<\/strong>. P\u00e2n\u0103 \u00een prezent, <strong data-start=\"2647\" data-end=\"2742\">conducerea \u0218colii de Subofi\u021beri de Poli\u021bie C\u00e2mpina nu a transmis un punct de vedere oficial<\/strong>.<\/p>\n","protected":false},"excerpt":{"rendered":"<p>UPDATE \u201eLa nivelul Inspectoratului Jude\u021bean de Poli\u021bie Prahova \u2013 Serviciul de Investiga\u021bii Criminale se efectueaz\u0103 cercet\u0103ri, \u00eentr-un dosar penal \u00eentocmit sub aspectul s\u0103v\u00e2r\u0219irii infrac\u021biunii de tentativ\u0103 la viol, sub supravegherea &hellip; <a href=\"https:\/\/microscopemedia.com\/?p=668345\" class=\"more-link\">Read More<\/a><\/p>\n","protected":false},"author":1,"featured_media":668346,"comment_status":"closed","ping_status":"closed","sticky":false,"template":"Default","format":"standard","meta":[],"categories":[1],"tags":[],"_links":{"self":[{"href":"https:\/\/microscopemedia.com\/index.php?rest_route=\/wp\/v2\/posts\/668345"}],"collection":[{"href":"https:\/\/microscopemedia.com\/index.php?rest_route=\/wp\/v2\/posts"}],"about":[{"href":"https:\/\/microscopemedia.com\/index.php?rest_route=\/wp\/v2\/types\/post"}],"author":[{"embeddable":true,"href":"https:\/\/microscopemedia.com\/index.php?rest_route=\/wp\/v2\/users\/1"}],"replies":[{"embeddable":true,"href":"https:\/\/microscopemedia.com\/index.php?rest_route=%2Fwp%2Fv2%2Fcomments&post=668345"}],"version-history":[{"count":0,"href":"https:\/\/microscopemedia.com\/index.php?rest_route=\/wp\/v2\/posts\/668345\/revisions"}],"wp:featuredmedia":[{"embeddable":true,"href":"https:\/\/microscopemedia.com\/index.php?rest_route=\/wp\/v2\/media\/668346"}],"wp:attachment":[{"href":"https:\/\/microscopemedia.com\/index.php?rest_route=%2Fwp%2Fv2%2Fmedia&parent=668345"}],"wp:term":[{"taxonomy":"category","embeddable":true,"href":"https:\/\/microscopemedia.com\/index.php?rest_route=%2Fwp%2Fv2%2Fcategories&post=668345"},{"taxonomy":"post_tag","embeddable":true,"href":"https:\/\/microscopemedia.com\/index.php?rest_route=%2Fwp%2Fv2%2Ftags&post=668345"}],"curies":[{"name":"wp","href":"https:\/\/api.w.org\/{rel}","templated":true}]}}