{"id":668383,"date":"2025-12-27T05:06:05","date_gmt":"2025-12-27T05:06:05","guid":{"rendered":"https:\/\/microscopemedia.com\/?p=668383"},"modified":"2025-12-27T05:06:05","modified_gmt":"2025-12-27T05:06:05","slug":"cod-portocaliu-de-vant-puternic-in-zonele-montane-din-caras-severin-si-hunedoara","status":"publish","type":"post","link":"https:\/\/microscopemedia.com\/?p=668383","title":{"rendered":"Cod portocaliu de v\u00e2nt puternic \u00een zonele montane din Cara\u0219-Severin \u0219i Hunedoara"},"content":{"rendered":"<div><img decoding=\"async\" src=\"https:\/\/microscopemedia.com\/wp-content\/uploads\/2025\/12\/cod-portocaliu-de-vant-puternic-in-zonele-montane-din-caras-severin-si-hunedoara.jpg\" class=\"ff-og-image-inserted\"><\/div>\n<p id=\"p-0\">Aten\u021bionarea cod portocaliu de v\u00e2nt este valabil\u0103 p\u00e2n\u0103 la ora 10:00.<\/p>\n<p id=\"p-1\">Potrivit meteorologilor, se vor semnala intensific\u0103ri puternice ale v\u00e2ntului, cu rafale care vor atinge 120\u2013140 km\/h.<\/p>\n<p id=\"p-2\">Aten\u021bionarea de cod portocaliu este pentru zona montan\u0103 de peste 1800 m altitudine \u00een jude\u021bele Cara\u0219-Severin \u0219i Hunedoara.<\/p>\n<p data-start=\"528\" data-end=\"887\" id=\"p-3\">Anterior, au fost emise <a href=\"https:\/\/www.mediafax.ro\/social\/cod-galben-de-ceata-densa-si-vant-puternic-in-vestul-si-nordul-tarii-23663817\" target=\"_blank\" rel=\"noopener\">coduri galbene<\/a> pentru cea\u021b\u0103 dens\u0103 \u00een jude\u021bele Arad, Bihor \u0219i Timi\u0219, cu vizibilitate redus\u0103 local sub 200 m \u0219i izolat sub 50 m, \u0219i pentru intensific\u0103ri ale v\u00e2ntului \u00een zona montan\u0103 a jude\u021bului Suceava, cu rafale de 90\u2013120 km\/h.<\/p>\n<p data-start=\"889\" data-end=\"1011\" data-is-last-node data-is-only-node id=\"p-4\">Autorit\u0103\u021bile recomand\u0103 evitarea deplas\u0103rilor \u00een zonele afectate \u0219i respectarea m\u0103surilor de siguran\u021b\u0103 \u00een cazul urgen\u021belor.<\/p>\n","protected":false},"excerpt":{"rendered":"<p>Aten\u021bionarea cod portocaliu de v\u00e2nt este valabil\u0103 p\u00e2n\u0103 la ora 10:00. Potrivit meteorologilor, se vor semnala intensific\u0103ri puternice ale v\u00e2ntului, cu rafale care vor atinge 120\u2013140 km\/h. Aten\u021bionarea de cod &hellip; <a href=\"https:\/\/microscopemedia.com\/?p=668383\" class=\"more-link\">Read More<\/a><\/p>\n","protected":false},"author":1,"featured_media":668384,"comment_status":"closed","ping_status":"closed","sticky":false,"template":"Default","format":"standard","meta":[],"categories":[1],"tags":[],"_links":{"self":[{"href":"https:\/\/microscopemedia.com\/index.php?rest_route=\/wp\/v2\/posts\/668383"}],"collection":[{"href":"https:\/\/microscopemedia.com\/index.php?rest_route=\/wp\/v2\/posts"}],"about":[{"href":"https:\/\/microscopemedia.com\/index.php?rest_route=\/wp\/v2\/types\/post"}],"author":[{"embeddable":true,"href":"https:\/\/microscopemedia.com\/index.php?rest_route=\/wp\/v2\/users\/1"}],"replies":[{"embeddable":true,"href":"https:\/\/microscopemedia.com\/index.php?rest_route=%2Fwp%2Fv2%2Fcomments&post=668383"}],"version-history":[{"count":0,"href":"https:\/\/microscopemedia.com\/index.php?rest_route=\/wp\/v2\/posts\/668383\/revisions"}],"wp:featuredmedia":[{"embeddable":true,"href":"https:\/\/microscopemedia.com\/index.php?rest_route=\/wp\/v2\/media\/668384"}],"wp:attachment":[{"href":"https:\/\/microscopemedia.com\/index.php?rest_route=%2Fwp%2Fv2%2Fmedia&parent=668383"}],"wp:term":[{"taxonomy":"category","embeddable":true,"href":"https:\/\/microscopemedia.com\/index.php?rest_route=%2Fwp%2Fv2%2Fcategories&post=668383"},{"taxonomy":"post_tag","embeddable":true,"href":"https:\/\/microscopemedia.com\/index.php?rest_route=%2Fwp%2Fv2%2Ftags&post=668383"}],"curies":[{"name":"wp","href":"https:\/\/api.w.org\/{rel}","templated":true}]}}