{"id":668385,"date":"2025-12-27T05:16:04","date_gmt":"2025-12-27T05:16:04","guid":{"rendered":"https:\/\/microscopemedia.com\/?p=668385"},"modified":"2025-12-27T05:16:04","modified_gmt":"2025-12-27T05:16:04","slug":"situatia-traficului-sambata-dimineata-pe-soselele-din-romania","status":"publish","type":"post","link":"https:\/\/microscopemedia.com\/?p=668385","title":{"rendered":"Situa\u021bia traficului, s\u00e2mb\u0103t\u0103 diminea\u021b\u0103, pe \u0219oselele din Rom\u00e2nia"},"content":{"rendered":"<div><img decoding=\"async\" src=\"https:\/\/microscopemedia.com\/wp-content\/uploads\/2025\/12\/situatia-traficului-sambata-dimineata-pe-soselele-din-romania.png\" class=\"ff-og-image-inserted\"><\/div>\n<p id=\"p-0\">\u200bCentrul Intotrafic din Inspectoratul General al Poli\u021biei Rom\u00e2ne informeaz\u0103 c\u0103 la aceast\u0103 ora(06:40) nu sunt semnalate drumuri na\u021bionale sau autostr\u0103zi cu traficul oprit din cauza vreunui accident sau a condi\u021biilor meteorologice.<\/p>\n<p id=\"p-1\">Este semnalat\u0103 cea\u021b\u0103, care scade <a href=\"https:\/\/www.mediafax.ro\/social\/cod-portocaliu-de-vant-puternic-in-zonele-montane-din-caras-severin-si-hunedoara-23663821\">vizibilitatea \u00een trafic<\/a> sub 200 de metri, pe alocuri chiar sub 50 de metri, pe tronsoane din autostr\u0103zile A0, A1 Bucure\u0219ti \u2013 Pite\u0219ti, A3 Bucure\u0219ti \u2013 Ploie\u0219ti \u0219i A7 Ploie\u0219ti \u2013 Buz\u0103u dar \u0219i pe mai multe drumuri din jude\u021bele Arad, Bistri\u021ba-N\u0103s\u0103ud, Ilfov, Suceava \u0219i Timi\u0219.<\/p>\n<p id=\"p-2\">De asemenea este semnalat\u0103 ninsoare u\u0219oar\u0103, pe DN 1 \u00een zona sta\u021biunilor Azuga \u0219i Bu\u0219teni. Se ac\u021bioneaz\u0103 cu material antiderapant. Circula\u021bia rutier\u0103 nu este afectat\u0103.<\/p>\n<p id=\"p-3\">Pe drumurile principale, respectiv autostr\u0103zile A1 Bucure\u0219ti \u2013 Pite\u0219ti, A2 Bucure\u0219ti \u2013 Constan\u021ba \u0219i A3 Bucure\u0219ti \u2013 Ploie\u0219ti, traficul rutier se desf\u0103\u0219oar\u0103 fluent, \u00een condi\u021biile unui carosabil par\u021bial umed, cu vizibilitate afectat\u0103 de cea\u021b\u0103 pe unele tronsoane \u0219i cu valori normale de circula\u021bie.<\/p>\n","protected":false},"excerpt":{"rendered":"<p>\u200bCentrul Intotrafic din Inspectoratul General al Poli\u021biei Rom\u00e2ne informeaz\u0103 c\u0103 la aceast\u0103 ora(06:40) nu sunt semnalate drumuri na\u021bionale sau autostr\u0103zi cu traficul oprit din cauza vreunui accident sau a condi\u021biilor &hellip; <a href=\"https:\/\/microscopemedia.com\/?p=668385\" class=\"more-link\">Read More<\/a><\/p>\n","protected":false},"author":1,"featured_media":668386,"comment_status":"closed","ping_status":"closed","sticky":false,"template":"Default","format":"standard","meta":[],"categories":[1],"tags":[],"_links":{"self":[{"href":"https:\/\/microscopemedia.com\/index.php?rest_route=\/wp\/v2\/posts\/668385"}],"collection":[{"href":"https:\/\/microscopemedia.com\/index.php?rest_route=\/wp\/v2\/posts"}],"about":[{"href":"https:\/\/microscopemedia.com\/index.php?rest_route=\/wp\/v2\/types\/post"}],"author":[{"embeddable":true,"href":"https:\/\/microscopemedia.com\/index.php?rest_route=\/wp\/v2\/users\/1"}],"replies":[{"embeddable":true,"href":"https:\/\/microscopemedia.com\/index.php?rest_route=%2Fwp%2Fv2%2Fcomments&post=668385"}],"version-history":[{"count":0,"href":"https:\/\/microscopemedia.com\/index.php?rest_route=\/wp\/v2\/posts\/668385\/revisions"}],"wp:featuredmedia":[{"embeddable":true,"href":"https:\/\/microscopemedia.com\/index.php?rest_route=\/wp\/v2\/media\/668386"}],"wp:attachment":[{"href":"https:\/\/microscopemedia.com\/index.php?rest_route=%2Fwp%2Fv2%2Fmedia&parent=668385"}],"wp:term":[{"taxonomy":"category","embeddable":true,"href":"https:\/\/microscopemedia.com\/index.php?rest_route=%2Fwp%2Fv2%2Fcategories&post=668385"},{"taxonomy":"post_tag","embeddable":true,"href":"https:\/\/microscopemedia.com\/index.php?rest_route=%2Fwp%2Fv2%2Ftags&post=668385"}],"curies":[{"name":"wp","href":"https:\/\/api.w.org\/{rel}","templated":true}]}}