{"id":668405,"date":"2025-12-27T07:46:04","date_gmt":"2025-12-27T07:46:04","guid":{"rendered":"https:\/\/microscopemedia.com\/?p=668405"},"modified":"2025-12-27T07:46:04","modified_gmt":"2025-12-27T07:46:04","slug":"amnezia-digitala-smartphone-ul-ti-a-furat-memoria-fara-sa-ti-dai-seama","status":"publish","type":"post","link":"https:\/\/microscopemedia.com\/?p=668405","title":{"rendered":"Amnezia digital\u0103: Smartphone-ul \u021bi-a furat memoria f\u0103r\u0103 s\u0103-\u021bi dai seama"},"content":{"rendered":"<div><img decoding=\"async\" src=\"https:\/\/microscopemedia.com\/wp-content\/uploads\/2025\/12\/amnezia-digitala-smartphone-ul-ti-a-furat-memoria-fara-sa-ti-dai-seama.jpg\" class=\"ff-og-image-inserted\"><\/div>\n<p class=\"font-claude-response-body break-words whitespace-normal leading-[1.7]\" id=\"p-0\">Speciali\u0219tii au identificat un nou sindrom: amnezia digital\u0103. Este pr\u0103bu\u0219irea memoriei cauzat\u0103 de tendin\u021ba de a delega tot ce ar trebui s\u0103 ne amintim c\u0103tre smartphone-uri. Transfer\u0103m \u00eentregul bagaj mnemonic \u00een tehnologie. Iar memoria se deterioreaz\u0103 cu c\u00e2t este mai pu\u021bin utilizat\u0103.<\/p>\n<h2 class=\"font-claude-response-body break-words whitespace-normal leading-[1.7]\" id=\"chapter-0\"><strong>Creierul tinerilor arat\u0103 ca al b\u0103tr\u00e2nilor<\/strong><\/h2>\n<p class=\"font-claude-response-body break-words whitespace-normal leading-[1.7]\" id=\"p-1\">Un studiu american alarmant a urm\u0103rit 10.000 de copii n\u0103scu\u021bi \u00een 2000 p\u00e2n\u0103 la v\u00e2rsta de 20 de ani. Tomografiile computerizate ale craniului au ar\u0103tat o imagine \u0219ocant\u0103: o atrofie cortical\u0103 evident\u0103, similar\u0103 cu cea observat\u0103 la persoanele \u00een v\u00e2rst\u0103.<\/p>\n<p class=\"font-claude-response-body break-words whitespace-normal leading-[1.7]\" id=\"p-2\">Fenomenul este atribuit utiliz\u0103rii compulsive a smartphone-urilor \u00eenc\u0103 din copil\u0103rie. Speciali\u0219tii \u00eel compar\u0103 cu starea patologic\u0103 care apare \u00een Parkinson \u0219i Alzheimer, conform <a href=\"https:\/\/www.ilgiornale.it\/news\/politica\/paese-smemorati-2588181.html#google_vignette\">Il Giornale<\/a>.<\/p>\n<h2 class=\"font-claude-response-body break-words whitespace-normal leading-[1.7]\" id=\"chapter-1\"><strong>Efectul Google<\/strong><\/h2>\n<p class=\"font-claude-response-body break-words whitespace-normal leading-[1.7]\" id=\"p-3\">Revista Nature a publicat un articol despre \u201eefectul Google\u201d. Oamenii se bazeaz\u0103 pe faptul c\u0103 toate informa\u021biile sunt stocate pe internet. Pot fi recuperate cu un simplu clic. Dar utilizarea prelungit\u0103 amor\u021be\u0219te procesele cognitive. \u00cempiedic\u0103 g\u00e2ndirea profund\u0103 \u0219i memoria episodic\u0103.<\/p>\n<p class=\"font-claude-response-body break-words whitespace-normal leading-[1.7]\" id=\"p-4\">Rezultatul: reducerea densit\u0103\u021bii materiei cenu\u0219ii din hipocampus. Riscuri: de la depresie la o gam\u0103 larg\u0103 de psihopatologii.<\/p>\n<h2 class=\"font-claude-response-body break-words whitespace-normal leading-[1.7]\" id=\"chapter-2\"><strong>Aten\u021bia a sc\u0103zut la 10 secunde<\/strong><\/h2>\n<p class=\"font-claude-response-body break-words whitespace-normal leading-[1.7]\" id=\"p-5\">Universitatea din California, Irvine, a m\u0103surat durata medie de aten\u021bie pentru o activitate. \u00cen 2004 era de 2,5 minute. \u00cen 2013 sc\u0103zuse la 47 de secunde. \u00cen 2024 a ajuns la un prag \u00eengrijor\u0103tor de 10 secunde.<\/p>\n<p class=\"font-claude-response-body break-words whitespace-normal leading-[1.7]\" id=\"p-6\">Capacitatea noastr\u0103 de a r\u0103m\u00e2ne concentra\u021bi este \u00een continu\u0103 sc\u0103dere.<\/p>\n<h2 class=\"font-claude-response-body break-words whitespace-normal leading-[1.7]\" id=\"chapter-3\"><strong>Dependen\u021ba de smartphone<\/strong><\/h2>\n<p class=\"font-claude-response-body break-words whitespace-normal leading-[1.7]\" id=\"p-7\">Un studiu de la Universitatea German\u0103 din Heidelberg arat\u0103 c\u0103 \u00eendep\u0103rtarea de smartphone pentru 72 de ore reactivez\u0103 creierul. Dar creeaz\u0103 \u0219i anxietate de deconectare.<\/p>\n<p class=\"font-claude-response-body break-words whitespace-normal leading-[1.7]\" id=\"p-8\"><a href=\"https:\/\/www.mediafax.ro\/economic\/daca-ai-telefoane-mobile-vechi-prin-casa-iata-ce-trebuie-sa-faci-cu-ele-inainte-sa-devina-un-pericol-pentru-sanatate-23663192\">Smartphone<\/a>-urile au devenit o \u201eprotez\u0103 digital\u0103\u201d a corpului nostru. Cei care pleac\u0103 de acas\u0103 f\u0103r\u0103 telefon se gr\u0103besc s\u0103 se \u00eentoarc\u0103. P\u0103rin\u021bii distra\u0219i de telefoane uit\u0103 copiii \u00een ma\u0219ini.<\/p>\n<p class=\"font-claude-response-body break-words whitespace-normal leading-[1.7]\" id=\"p-9\">De\u0219i smartphone-urile sunt, f\u0103r\u0103 \u00eendoial\u0103, un ajutor pre\u021bios, primul pas \u00een g\u0103sirea unui echilibru \u00eentre tehnologia digital\u0103 \u0219i capacitatea noastr\u0103 de a g\u00e2ndi, de a ne concentra \u0219i de a reflecta \u00een<br \/>\u00eentr-un mod profund, depinde numai de noi s\u0103 evit\u0103m deteriorarea func\u021biilor noastre cognitive \u0219i a s\u0103n\u0103t\u0103\u021bii mentale: s\u0103 \u00eempiedic\u0103m dispari\u021bia materiei cenu\u0219ii \u0219i s\u0103 evit\u0103m pierderea permanent\u0103 a memoriei.<\/p>\n","protected":false},"excerpt":{"rendered":"<p>Speciali\u0219tii au identificat un nou sindrom: amnezia digital\u0103. Este pr\u0103bu\u0219irea memoriei cauzat\u0103 de tendin\u021ba de a delega tot ce ar trebui s\u0103 ne amintim c\u0103tre smartphone-uri. Transfer\u0103m \u00eentregul bagaj mnemonic &hellip; <a href=\"https:\/\/microscopemedia.com\/?p=668405\" class=\"more-link\">Read More<\/a><\/p>\n","protected":false},"author":1,"featured_media":668406,"comment_status":"closed","ping_status":"closed","sticky":false,"template":"Default","format":"standard","meta":[],"categories":[1],"tags":[],"_links":{"self":[{"href":"https:\/\/microscopemedia.com\/index.php?rest_route=\/wp\/v2\/posts\/668405"}],"collection":[{"href":"https:\/\/microscopemedia.com\/index.php?rest_route=\/wp\/v2\/posts"}],"about":[{"href":"https:\/\/microscopemedia.com\/index.php?rest_route=\/wp\/v2\/types\/post"}],"author":[{"embeddable":true,"href":"https:\/\/microscopemedia.com\/index.php?rest_route=\/wp\/v2\/users\/1"}],"replies":[{"embeddable":true,"href":"https:\/\/microscopemedia.com\/index.php?rest_route=%2Fwp%2Fv2%2Fcomments&post=668405"}],"version-history":[{"count":0,"href":"https:\/\/microscopemedia.com\/index.php?rest_route=\/wp\/v2\/posts\/668405\/revisions"}],"wp:featuredmedia":[{"embeddable":true,"href":"https:\/\/microscopemedia.com\/index.php?rest_route=\/wp\/v2\/media\/668406"}],"wp:attachment":[{"href":"https:\/\/microscopemedia.com\/index.php?rest_route=%2Fwp%2Fv2%2Fmedia&parent=668405"}],"wp:term":[{"taxonomy":"category","embeddable":true,"href":"https:\/\/microscopemedia.com\/index.php?rest_route=%2Fwp%2Fv2%2Fcategories&post=668405"},{"taxonomy":"post_tag","embeddable":true,"href":"https:\/\/microscopemedia.com\/index.php?rest_route=%2Fwp%2Fv2%2Ftags&post=668405"}],"curies":[{"name":"wp","href":"https:\/\/api.w.org\/{rel}","templated":true}]}}