{"id":668409,"date":"2025-12-27T08:16:04","date_gmt":"2025-12-27T08:16:04","guid":{"rendered":"https:\/\/microscopemedia.com\/?p=668409"},"modified":"2025-12-27T08:16:04","modified_gmt":"2025-12-27T08:16:04","slug":"zelenski-va-avea-astazi-discutii-cu-liderii-europeni-si-cu-trump-privind-pacea-din-ucraina","status":"publish","type":"post","link":"https:\/\/microscopemedia.com\/?p=668409","title":{"rendered":"Zelenski va avea ast\u0103zi discu\u021bii cu liderii europeni \u0219i cu Trump privind pacea din Ucraina"},"content":{"rendered":"<div><img decoding=\"async\" src=\"https:\/\/microscopemedia.com\/wp-content\/uploads\/2025\/12\/zelenski-va-avea-astazi-discutii-cu-liderii-europeni-si-cu-trump-privind-pacea-din-ucraina.jpg\" class=\"ff-og-image-inserted\"><\/div>\n<p id=\"p-0\">\u00cenaintea \u00eent\u00e2lnirii de duminic\u0103, <a href=\"https:\/\/www.mediafax.ro\/politic\/zelenski-spune-ca-este-gata-pentru-un-referendum-asupra-planului-lui-trump-privind-incetarea-focului-23663751\">Trump \u0219i Zelenski<\/a> vor avea s\u00e2mb\u0103t\u0103 o convorbire telefonic\u0103, la care se vor al\u0103tura pre\u0219edinta Comisiei Europene, Ursula von der Leyen, \u0219i al\u021bi lideri europeni, a declarat un purt\u0103tor de cuv\u00e2nt al Comisiei pentru Reuters.<\/p>\n<h2 id=\"chapter-0\">Garan\u021biile de securitate \u0219i chestiunile teritoriale, \u00een centrul discu\u021biilor<\/h2>\n<p id=\"p-1\">Zelenski a declarat c\u0103 discu\u021biile se vor concentra asupra unora dintre cele mai sensibile aspecte ale negocierilor de pace. Printre principalele teme sensibile se num\u0103r\u0103 garan\u021biile de securitate pentru Ucraina \u0219i reconstruc\u021bia \u021b\u0103rii, precum \u0219i discu\u021biile teritoriale privind regiunea Donbas \u0219i centrala nuclear\u0103 de la Zaporojie.<\/p>\n<p id=\"p-2\">\u00cent\u00e2lnirea de duminic\u0103 este \u201emenit\u0103 \u00een mod specific s\u0103 rafineze lucrurile c\u00e2t mai mult posibil\u201d, a declarat Zelenski vineri.<\/p>\n<p id=\"p-3\">El a ad\u0103ugat c\u0103 planul de pace propus, format din 20 de puncte, este \u201egata \u00een propor\u021bie de 90%\u201d. \u201eObiectivul nostru este s\u0103 aducem totul la 100%\u201d, a spus Zelenski. \u201e\u00cen prezent, echipele noastre, echipele de negociere ucrainean\u0103 \u0219i american\u0103, au \u00eenregistrat progrese semnificative\u201d.<\/p>\n<p id=\"p-4\">Zelenski este dispus s\u0103 organizeze un referendum privind planul de pace dac\u0103 Rusia va accepta o \u00eencetare a focului de cel pu\u021bin 60 de zile, a relatat Axios, \u00een urma unui interviu acordat vineri de pre\u0219edintele ucrainean.<\/p>\n<h2 id=\"chapter-1\">Trump: \u201eEl nu are nimic p\u00e2n\u0103 c\u00e2nd nu aprob eu\u201d<\/h2>\n<p id=\"p-5\">Actualul plan este considerat o versiune actualizat\u0103 a unui document anterior, cu 28 de puncte, convenit \u00een urm\u0103 cu c\u00e2teva s\u0103pt\u0103m\u00e2ni \u00eentre emisarul lui Trump, Steve Witkoff, \u0219i oficiali ru\u0219i, despre care s-a spus c\u0103 favorizeaz\u0103 pozi\u021bia Kremlinului.<\/p>\n<p id=\"p-6\">\u00centr-un interviu acordat vineri publica\u021biei Politico, <a href=\"https:\/\/www.mediafax.ro\/politic\/politico-donald-trump-despre-planul-de-pace-zelenski-nu-are-nimic-pana-nu-aprob-eu-23663778\">Trump<\/a> a spus c\u0103 anticipeaz\u0103 o \u00eent\u00e2lnire \u201ebun\u0103\u201d cu liderul ucrainean, dar nu a oferit sprijin explicit pentru planul lui Zelenski.<\/p>\n<p id=\"p-7\">\u201eEl nu are nimic p\u00e2n\u0103 c\u00e2nd nu aprob eu\u201d, a declarat Trump.<\/p>\n<p id=\"p-8\">Potrivit Bloomberg, Moscova inten\u021bioneaz\u0103 s\u0103 solicite modific\u0103ri ale actualului plan de pace \u00een 20 de puncte. Rusia ar urm\u0103ri ob\u021binerea unor garan\u021bii \u00eempotriva unei noi extinderi a NATO c\u0103tre est \u0219i men\u021binerea unui statut de neutralitate al Ucrainei, inclusiv \u00een cazul ader\u0103rii acesteia la Uniunea European\u0103.<\/p>\n","protected":false},"excerpt":{"rendered":"<p>\u00cenaintea \u00eent\u00e2lnirii de duminic\u0103, Trump \u0219i Zelenski vor avea s\u00e2mb\u0103t\u0103 o convorbire telefonic\u0103, la care se vor al\u0103tura pre\u0219edinta Comisiei Europene, Ursula von der Leyen, \u0219i al\u021bi lideri europeni, a &hellip; <a href=\"https:\/\/microscopemedia.com\/?p=668409\" class=\"more-link\">Read More<\/a><\/p>\n","protected":false},"author":1,"featured_media":668410,"comment_status":"closed","ping_status":"closed","sticky":false,"template":"Default","format":"standard","meta":[],"categories":[1],"tags":[],"_links":{"self":[{"href":"https:\/\/microscopemedia.com\/index.php?rest_route=\/wp\/v2\/posts\/668409"}],"collection":[{"href":"https:\/\/microscopemedia.com\/index.php?rest_route=\/wp\/v2\/posts"}],"about":[{"href":"https:\/\/microscopemedia.com\/index.php?rest_route=\/wp\/v2\/types\/post"}],"author":[{"embeddable":true,"href":"https:\/\/microscopemedia.com\/index.php?rest_route=\/wp\/v2\/users\/1"}],"replies":[{"embeddable":true,"href":"https:\/\/microscopemedia.com\/index.php?rest_route=%2Fwp%2Fv2%2Fcomments&post=668409"}],"version-history":[{"count":0,"href":"https:\/\/microscopemedia.com\/index.php?rest_route=\/wp\/v2\/posts\/668409\/revisions"}],"wp:featuredmedia":[{"embeddable":true,"href":"https:\/\/microscopemedia.com\/index.php?rest_route=\/wp\/v2\/media\/668410"}],"wp:attachment":[{"href":"https:\/\/microscopemedia.com\/index.php?rest_route=%2Fwp%2Fv2%2Fmedia&parent=668409"}],"wp:term":[{"taxonomy":"category","embeddable":true,"href":"https:\/\/microscopemedia.com\/index.php?rest_route=%2Fwp%2Fv2%2Fcategories&post=668409"},{"taxonomy":"post_tag","embeddable":true,"href":"https:\/\/microscopemedia.com\/index.php?rest_route=%2Fwp%2Fv2%2Ftags&post=668409"}],"curies":[{"name":"wp","href":"https:\/\/api.w.org\/{rel}","templated":true}]}}