{"id":668415,"date":"2025-12-27T08:56:04","date_gmt":"2025-12-27T08:56:04","guid":{"rendered":"https:\/\/microscopemedia.com\/?p=668415"},"modified":"2025-12-27T08:56:04","modified_gmt":"2025-12-27T08:56:04","slug":"137-de-venezueleni-deportati-de-americani-in-el-salvador-cer-despagubiri-de-la-sua","status":"publish","type":"post","link":"https:\/\/microscopemedia.com\/?p=668415","title":{"rendered":"137 de venezueleni deporta\u021bi de americani \u00een El Salvador cer desp\u0103gubiri de la SUA"},"content":{"rendered":"<div><img decoding=\"async\" src=\"https:\/\/microscopemedia.com\/wp-content\/uploads\/2025\/12\/137-de-venezueleni-deportati-de-americani-in-el-salvador-cer-despagubiri-de-la-sua.jpg\" class=\"ff-og-image-inserted\"><\/div>\n<p id=\"p-0\">Venezuelenii au organizat o conferin\u021b\u0103 de pres\u0103 la Caracas \u0219i au anun\u021bat c\u0103 doresc s\u0103 \u00ee\u0219i reabiliteze numele \u00een SUA. Este vorba despre 137 dintre cei 252 de venezueleni deporta\u021bi din Statele Unite \u0219i \u00eenchi\u0219i timp de c\u00e2teva luni \u00eentr-o \u00eenchisoare din El Salvador, potrivit <a href=\"https:\/\/www.lefigaro.fr\/international\/des-migrants-venezueliens-detenus-au-salvador-exigent-d-etre-rehabilites-aux-etats-unis-20251227\" target=\"_blank\" rel=\"noopener\">Le Figaro<\/a>.<\/p>\n<p id=\"p-1\">O instan\u021b\u0103 federal\u0103 din Washington a cerut s\u0103pt\u0103m\u00e2na aceasta administra\u021biei Trump s\u0103 elaboreze un plan care s\u0103 permit\u0103 migran\u021bilor deporta\u021bi s\u0103 beneficieze de un proces echitabil dup\u0103 transferul lor \u00een El Salvador.<\/p>\n<p id=\"p-2\">Decizia instan\u021bei federale se refer\u0103 la 137 dintre cei 252 de venezueleni f\u0103r\u0103 acte care au fost acuza\u021bi c\u0103 sunt membri ai unei bande. Ei au fost captura\u021bi \u0219i trimi\u0219i la centrul de deten\u021bie din El Salvador, unde ar fi fost tortura\u021bi.<\/p>\n<p id=\"p-3\">Administra\u021bia american\u0103 i-a deportat pe ace\u0219ti b\u0103rba\u021bi, invoc\u00e2nd o Lege a Inamicului Str\u0103in din 1798, rar utilizat\u0103. Migran\u021bii venezueleni au fost elibera\u021bi dup\u0103 patru luni \u0219i s-au \u00eentors \u00een Venezuela.<\/p>\n<p id=\"p-4\">Pre\u0219edintele salvadorian Nayib Bukele a construit centrul de deten\u021bie Cecot pentru a-i \u00eencarcera pe cei mai periculo\u0219i criminali, ca parte a propriului s\u0103u r\u0103zboi \u00eempotriva bandelor. Administra\u021bia Trump i-a pl\u0103tit pre\u0219edintelui din El Salvador, Nayib Bukele, 6 milioane de dolari pentru a-i \u021bine pe migran\u021bii venezueleni dup\u0103 gratii. Decizia a fost condamnat\u0103 de organiza\u021biile pentru drepturile omului. Caracas a deschis o anchet\u0103 care vizeaz\u0103 presupuse crime \u00eempotriva umanit\u0103\u021bii.<\/p>\n","protected":false},"excerpt":{"rendered":"<p>Venezuelenii au organizat o conferin\u021b\u0103 de pres\u0103 la Caracas \u0219i au anun\u021bat c\u0103 doresc s\u0103 \u00ee\u0219i reabiliteze numele \u00een SUA. Este vorba despre 137 dintre cei 252 de venezueleni deporta\u021bi &hellip; <a href=\"https:\/\/microscopemedia.com\/?p=668415\" class=\"more-link\">Read More<\/a><\/p>\n","protected":false},"author":1,"featured_media":668416,"comment_status":"closed","ping_status":"closed","sticky":false,"template":"Default","format":"standard","meta":[],"categories":[1],"tags":[],"_links":{"self":[{"href":"https:\/\/microscopemedia.com\/index.php?rest_route=\/wp\/v2\/posts\/668415"}],"collection":[{"href":"https:\/\/microscopemedia.com\/index.php?rest_route=\/wp\/v2\/posts"}],"about":[{"href":"https:\/\/microscopemedia.com\/index.php?rest_route=\/wp\/v2\/types\/post"}],"author":[{"embeddable":true,"href":"https:\/\/microscopemedia.com\/index.php?rest_route=\/wp\/v2\/users\/1"}],"replies":[{"embeddable":true,"href":"https:\/\/microscopemedia.com\/index.php?rest_route=%2Fwp%2Fv2%2Fcomments&post=668415"}],"version-history":[{"count":0,"href":"https:\/\/microscopemedia.com\/index.php?rest_route=\/wp\/v2\/posts\/668415\/revisions"}],"wp:featuredmedia":[{"embeddable":true,"href":"https:\/\/microscopemedia.com\/index.php?rest_route=\/wp\/v2\/media\/668416"}],"wp:attachment":[{"href":"https:\/\/microscopemedia.com\/index.php?rest_route=%2Fwp%2Fv2%2Fmedia&parent=668415"}],"wp:term":[{"taxonomy":"category","embeddable":true,"href":"https:\/\/microscopemedia.com\/index.php?rest_route=%2Fwp%2Fv2%2Fcategories&post=668415"},{"taxonomy":"post_tag","embeddable":true,"href":"https:\/\/microscopemedia.com\/index.php?rest_route=%2Fwp%2Fv2%2Ftags&post=668415"}],"curies":[{"name":"wp","href":"https:\/\/api.w.org\/{rel}","templated":true}]}}