{"id":668421,"date":"2025-12-27T09:26:05","date_gmt":"2025-12-27T09:26:05","guid":{"rendered":"https:\/\/microscopemedia.com\/?p=668421"},"modified":"2025-12-27T09:26:05","modified_gmt":"2025-12-27T09:26:05","slug":"medicul-mihai-craiu-cand-nu-trebuie-sa-mergeti-la-urgente-cu-un-copil-racit","status":"publish","type":"post","link":"https:\/\/microscopemedia.com\/?p=668421","title":{"rendered":"Medicul Mihai Craiu: C\u00e2nd nu trebuie s\u0103 merge\u021bi la Urgen\u021be cu un copil r\u0103cit"},"content":{"rendered":"<div><img decoding=\"async\" src=\"https:\/\/microscopemedia.com\/wp-content\/uploads\/2025\/12\/medicul-mihai-craiu-cand-nu-trebuie-sa-mergeti-la-urgente-cu-un-copil-racit.jpg\" class=\"ff-og-image-inserted\"><\/div>\n<p id=\"p-0\">Medicul Mihai Craiu a avertizat c\u0103 o vizit\u0103 la Unitatea de Primiri Urgen\u021be poate fi inutil\u0103 \u00een cazul unui copil r\u0103cit.<\/p>\n<p id=\"p-1\">\u201eC\u00e2nd nu trebuie s\u0103 merge\u021bi la Urgen\u021be cu un copil r\u0103cit. Ca s\u0103 nu v\u0103 strica\u021bi vacan\u021ba a\u0219tept\u00e2nd multe ore \u00eentr-o Unitate de Primiri Urgen\u021be cu un copil r\u0103cit vreau s\u0103 v\u0103 rog s\u0103 privi\u021bi imaginea de mai jos. Dac\u0103 r\u0103ceala a \u00eenceput \u00een urm\u0103 cu ni\u0219te ore sau \u00een noaptea trecut\u0103 nu o s\u0103 v\u0103 aduc\u0103 nici o analiz\u0103 r\u0103spunsurile pe care le dori\u021bi: este o boal\u0103 grav\u0103? este o boal\u0103 viral\u0103 sau o maladie bacterian\u0103? este necesar tratament cu antibiotic sau sunt suficiente antitermicele?\u201d, a scris Craiu pe re\u021beaua de socializare.<\/p>\n<p id=\"p-2\">Specialistul a explicat c\u0103 \u201esunt necesare mai mult de dou\u0103 zile de la debutul r\u0103celii cu ascensiuni febrile p\u00e2n\u0103 apar modific\u0103ri \u00een hemogram\u0103.\u201d<\/p>\n<p id=\"p-3\">Altfel spus, vizita \u00eentr-un UPU superaglomerat este inutil\u0103 dac\u0103 abia a \u00eenceput o r\u0103ceal\u0103 \u201enormal\u0103\u201d. \u00cen plus, cre\u0219te riscul unei noi \u00eemboln\u0103viri prin contactul cu al\u021bi copii afla\u021bi la spital.<\/p>\n<p id=\"p-4\">\u201eDragi p\u0103rin\u021bi chiar nu este bine s\u0103 a\u0219tepta\u021bi 5-6 ore l\u00e2ng\u0103 al\u021bi copii bolnavi, doar pentru c\u0103 dumneavoastr\u0103 v\u0103 este fric\u0103, sau pentru c\u0103 ave\u021bi m\u00e2ine bilete de avion, sau o petrecere important\u0103. Copilul dumneavoastr\u0103, care are febr\u0103 de 4, 6 sau 12 ore, nu o s\u0103 aib\u0103 ni\u0219te modific\u0103ri semnificative \u00een num\u0103rul de leucocite sau \u00een formula leucocitar\u0103 \u2013 \u00eenc\u0103 odat\u0103, pentru copiii obi\u0219nui\u021bi f\u0103r\u0103 comorbidit\u0103\u021bi! Nici m\u0103car corela\u021bia cu valorile CRP (proteina C reactiv\u0103) nu aduce informa\u021bii suplimentare \u00een primele 1-2 zile. De la Urgen\u021be nu ve\u021bi pleca (probabil\u2026) dec\u00e2t cu o alt\u0103 boal\u0103 \u00eemprumutat\u0103 de la cei 20 de copii bolnavi, afla\u021bi \u00een a\u0219teptare \u00een zona de triaj\u201d, a transmis Mihai Craiu.<\/p>\n<h2 id=\"chapter-0\">Medicul Mihai Craiu: Merge\u021bi la UPU doar cu un copil care are febr\u0103 \u0219i alte semne<\/h2>\n<p id=\"p-5\">Medicul le recomand\u0103 p\u0103rin\u021bilor s\u0103 mearg\u0103 la spital atunci c\u00e2nd copilul face febr\u0103 \u00eenso\u021bit\u0103 de alte simptome. Analizele normale nu vor ar\u0103ta nimic, avertizeaz\u0103 Craiu.<\/p>\n<p id=\"p-6\">\u201eMerge\u021bi zilele acestea la UPU doar cu un copil care are febr\u0103 \u0219i alte semne de gravitate (respira\u021bie dificil\u0103, v\u0103rs\u0103turi frecvente, cianoz\u0103 sau afectarea st\u0103rii de con\u0219tien\u021b\u0103). Dac\u0103 este de obicei un copil s\u0103n\u0103tos! Pentru c\u0103 medicul dumneavoastr\u0103 o s\u0103 v\u0103 poat\u0103 spune lucruri relevante doar prin examen clinic. Analizele normale nu spun nimic!! Ele pot fi acum normale pentru c\u0103 sunt recoltate prea repede\u201d, a precizat Mihai Craiu.<\/p>\n","protected":false},"excerpt":{"rendered":"<p>Medicul Mihai Craiu a avertizat c\u0103 o vizit\u0103 la Unitatea de Primiri Urgen\u021be poate fi inutil\u0103 \u00een cazul unui copil r\u0103cit. \u201eC\u00e2nd nu trebuie s\u0103 merge\u021bi la Urgen\u021be cu un &hellip; <a href=\"https:\/\/microscopemedia.com\/?p=668421\" class=\"more-link\">Read More<\/a><\/p>\n","protected":false},"author":1,"featured_media":668422,"comment_status":"closed","ping_status":"closed","sticky":false,"template":"Default","format":"standard","meta":[],"categories":[1],"tags":[],"_links":{"self":[{"href":"https:\/\/microscopemedia.com\/index.php?rest_route=\/wp\/v2\/posts\/668421"}],"collection":[{"href":"https:\/\/microscopemedia.com\/index.php?rest_route=\/wp\/v2\/posts"}],"about":[{"href":"https:\/\/microscopemedia.com\/index.php?rest_route=\/wp\/v2\/types\/post"}],"author":[{"embeddable":true,"href":"https:\/\/microscopemedia.com\/index.php?rest_route=\/wp\/v2\/users\/1"}],"replies":[{"embeddable":true,"href":"https:\/\/microscopemedia.com\/index.php?rest_route=%2Fwp%2Fv2%2Fcomments&post=668421"}],"version-history":[{"count":0,"href":"https:\/\/microscopemedia.com\/index.php?rest_route=\/wp\/v2\/posts\/668421\/revisions"}],"wp:featuredmedia":[{"embeddable":true,"href":"https:\/\/microscopemedia.com\/index.php?rest_route=\/wp\/v2\/media\/668422"}],"wp:attachment":[{"href":"https:\/\/microscopemedia.com\/index.php?rest_route=%2Fwp%2Fv2%2Fmedia&parent=668421"}],"wp:term":[{"taxonomy":"category","embeddable":true,"href":"https:\/\/microscopemedia.com\/index.php?rest_route=%2Fwp%2Fv2%2Fcategories&post=668421"},{"taxonomy":"post_tag","embeddable":true,"href":"https:\/\/microscopemedia.com\/index.php?rest_route=%2Fwp%2Fv2%2Ftags&post=668421"}],"curies":[{"name":"wp","href":"https:\/\/api.w.org\/{rel}","templated":true}]}}