{"id":668427,"date":"2025-12-27T09:56:04","date_gmt":"2025-12-27T09:56:04","guid":{"rendered":"https:\/\/microscopemedia.com\/?p=668427"},"modified":"2025-12-27T09:56:04","modified_gmt":"2025-12-27T09:56:04","slug":"draper-renunta-la-australian-open-mister-in-jurul-accidentarii","status":"publish","type":"post","link":"https:\/\/microscopemedia.com\/?p=668427","title":{"rendered":"Draper renun\u021b\u0103 la Australian Open: mister \u00een jurul accident\u0103rii"},"content":{"rendered":"<div><img decoding=\"async\" src=\"https:\/\/microscopemedia.com\/wp-content\/uploads\/2025\/12\/draper-renunta-la-australian-open-mister-in-jurul-accidentarii.jpg\" class=\"ff-og-image-inserted\"><\/div>\n<p class=\"font-claude-response-body break-words whitespace-normal leading-[1.7]\" id=\"p-0\">Jack Draper nu va participa la Australian Open 2025. Juc\u0103torul britanic de tenis \u0219i-a anun\u021bat retragerea din primul Grand Slam al sezonului. Accidentarea la bra\u021b \u00eel \u021bine departe de terenuri de peste patru luni.<\/p>\n<h2 class=\"font-claude-response-body break-words whitespace-normal leading-[1.7]\" id=\"chapter-0\"><strong>Anun\u021b surprinz\u0103tor cu dou\u0103 s\u0103pt\u0103m\u00e2ni \u00eenainte de Australian Open<\/strong><\/h2>\n<p class=\"font-claude-response-body break-words whitespace-normal leading-[1.7]\" id=\"p-1\">Cu dou\u0103 s\u0103pt\u0103m\u00e2ni \u00eenainte de Australian Open, Draper a f\u0103cut un anun\u021b surprinz\u0103tor. \u201eA fost o decizie foarte complicat\u0103 \u0219i dificil\u0103\u201d, a spus britanicul \u00eentr-un videoclip pe re\u021belele de socializare.<\/p>\n<p class=\"font-claude-response-body break-words whitespace-normal leading-[1.7]\" id=\"p-2\">\u201eMai ales pentru c\u0103 trebuie s\u0103 renun\u021b la un turneu de Grand Slam. Am avut de-a face cu multe momente negative \u00een cariera mea, dar cred c\u0103 acesta este cel mai dificil dintre toate\u201d, a ad\u0103ugat el.<\/p>\n<h2 class=\"font-claude-response-body break-words whitespace-normal leading-[1.7]\" id=\"chapter-1\"><strong>Misterul accident\u0103rii la bra\u021b<\/strong><\/h2>\n<p class=\"font-claude-response-body break-words whitespace-normal leading-[1.7]\" id=\"p-3\">Problema la bra\u021b l-a \u00eempiedicat pe Draper s\u0103 continue la US Open \u00een august 2024. Sportivul \u00eensu\u0219i spera s\u0103 o rezolve \u00een c\u00e2teva s\u0103pt\u0103m\u00e2ni. \u00cen schimb, l-a \u021binut departe de terenuri din august p\u00e2n\u0103 acum.<\/p>\n<p class=\"font-claude-response-body break-words whitespace-normal leading-[1.7]\" id=\"p-4\">Mul\u021bi \u00eencep s\u0103 se \u00eentrebe care este adev\u0103rata natur\u0103 a accident\u0103rii la cot. \u00cengrijorarea pentru viitorul s\u0103u devine serioas\u0103.<\/p>\n<h2 class=\"font-claude-response-body break-words whitespace-normal leading-[1.7]\" id=\"chapter-2\"><strong>De la rival al lui Sinner \u0219i Alcaraz la incertitudine<\/strong><\/h2>\n<p class=\"font-claude-response-body break-words whitespace-normal leading-[1.7]\" id=\"p-5\">Ascensiunea lui Draper \u00een 2024 a fost spectaculoas\u0103. Britanicul a demonstrat c\u0103 are ceea ce trebuie pentru a fi al treilea juc\u0103tor \u00een competi\u021bia dintre Jannik Sinner \u0219i Carlos Alcaraz.<\/p>\n<p class=\"font-claude-response-body break-words whitespace-normal leading-[1.7]\" id=\"p-6\">St\u00e2ngaci \u0219i puternic fizic, p\u0103rea s\u0103 aib\u0103 toate \u0219ansele s\u0103 aspire la un Grand Slam. Acum lucrurile au luat o turnur\u0103 \u00eengrijor\u0103toare.<\/p>\n<h2 class=\"font-claude-response-body break-words whitespace-normal leading-[1.7]\" id=\"chapter-3\"><strong>Sezon dezastruos pentru britanic<\/strong><\/h2>\n<p class=\"font-claude-response-body break-words whitespace-normal leading-[1.7]\" id=\"p-7\">Draper a fost nevoit s\u0103 rateze \u00eentreaga parte final\u0103 a sezonului 2024. A ratat \u0219i ATP Finals. Acum rateaz\u0103 \u0219i Australian Open, primul mare turneu al anului.<\/p>\n<p class=\"font-claude-response-body break-words whitespace-normal leading-[1.7]\" id=\"p-8\">Britanicul este \u00een pericol de a aluneca tot mai jos \u00een clasament. Risc\u0103 s\u0103 \u00eenceap\u0103 sezonul 2025 cu un mare decalaj de recuperat.<\/p>\n<p class=\"font-claude-response-body break-words whitespace-normal leading-[1.7]\" id=\"p-9\">\u201eEste o situa\u021bie ciudat\u0103. Abia a\u0219tept s\u0103 revin la joc \u00een 2025\u201d, a declarat Draper.<\/p>\n<p class=\"font-claude-response-body break-words whitespace-normal leading-[1.7]\" id=\"p-10\">Draper intrase \u00een top 20 mondial dup\u0103 o prim\u0103 jum\u0103tate de sezon excelent\u0103. Accidentarea misterioas\u0103 \u00eei pune sub semnul \u00eentreb\u0103rii viitorul \u00een circuitul ATP.<\/p>\n","protected":false},"excerpt":{"rendered":"<p>Jack Draper nu va participa la Australian Open 2025. Juc\u0103torul britanic de tenis \u0219i-a anun\u021bat retragerea din primul Grand Slam al sezonului. Accidentarea la bra\u021b \u00eel \u021bine departe de terenuri &hellip; <a href=\"https:\/\/microscopemedia.com\/?p=668427\" class=\"more-link\">Read More<\/a><\/p>\n","protected":false},"author":1,"featured_media":668428,"comment_status":"closed","ping_status":"closed","sticky":false,"template":"Default","format":"standard","meta":[],"categories":[1],"tags":[],"_links":{"self":[{"href":"https:\/\/microscopemedia.com\/index.php?rest_route=\/wp\/v2\/posts\/668427"}],"collection":[{"href":"https:\/\/microscopemedia.com\/index.php?rest_route=\/wp\/v2\/posts"}],"about":[{"href":"https:\/\/microscopemedia.com\/index.php?rest_route=\/wp\/v2\/types\/post"}],"author":[{"embeddable":true,"href":"https:\/\/microscopemedia.com\/index.php?rest_route=\/wp\/v2\/users\/1"}],"replies":[{"embeddable":true,"href":"https:\/\/microscopemedia.com\/index.php?rest_route=%2Fwp%2Fv2%2Fcomments&post=668427"}],"version-history":[{"count":0,"href":"https:\/\/microscopemedia.com\/index.php?rest_route=\/wp\/v2\/posts\/668427\/revisions"}],"wp:featuredmedia":[{"embeddable":true,"href":"https:\/\/microscopemedia.com\/index.php?rest_route=\/wp\/v2\/media\/668428"}],"wp:attachment":[{"href":"https:\/\/microscopemedia.com\/index.php?rest_route=%2Fwp%2Fv2%2Fmedia&parent=668427"}],"wp:term":[{"taxonomy":"category","embeddable":true,"href":"https:\/\/microscopemedia.com\/index.php?rest_route=%2Fwp%2Fv2%2Fcategories&post=668427"},{"taxonomy":"post_tag","embeddable":true,"href":"https:\/\/microscopemedia.com\/index.php?rest_route=%2Fwp%2Fv2%2Ftags&post=668427"}],"curies":[{"name":"wp","href":"https:\/\/api.w.org\/{rel}","templated":true}]}}