{"id":668445,"date":"2025-12-27T12:06:04","date_gmt":"2025-12-27T12:06:04","guid":{"rendered":"https:\/\/microscopemedia.com\/?p=668445"},"modified":"2025-12-27T12:06:04","modified_gmt":"2025-12-27T12:06:04","slug":"elvetia-nu-se-poate-apara-de-un-atac-pe-scara-larga-avertizeaza-seful-armatei","status":"publish","type":"post","link":"https:\/\/microscopemedia.com\/?p=668445","title":{"rendered":"Elve\u021bia nu se poate ap\u0103ra de un atac pe scar\u0103 larg\u0103, avertizeaz\u0103 \u0219eful armatei"},"content":{"rendered":"<div><img decoding=\"async\" src=\"https:\/\/microscopemedia.com\/wp-content\/uploads\/2025\/12\/elvetia-nu-se-poate-apara-de-un-atac-pe-scara-larga-avertizeaza-seful-armatei.jpg\" class=\"ff-og-image-inserted\"><\/div>\n<p class=\"pf0\" id=\"p-1\"><span class=\"cf0\">Elve\u021bia este preg\u0103tit\u0103 pentru atacuri ale <\/span><span class=\"cf1\">\u201eactorilor non-statali\u201d asupra infrastructurii critice <\/span><span class=\"cf0\">\u0219i pentru atacuri cibernetice, <\/span><span class=\"cf2\">\u00eens<\/span><span class=\"cf0\">\u0103 armata se confrunt\u0103 <\/span><span class=\"cf2\">\u00een continuare cu probleme majore \u00een materie de echipamente, a spus Thomas Suessli \u00eentr-un interviu acordat cotidianului NZZ.<\/span><\/p>\n<p class=\"pf0\" id=\"p-2\"><span class=\"cf1\">\u201e<strong>Ceea ce nu putem face este s<\/strong><\/span><strong><span class=\"cf0\">\u0103 ne ap\u0103r\u0103m <\/span><span class=\"cf2\">\u00eempotriva amenin<\/span><span class=\"cf0\">\u021b\u0103rilor de la distan\u021b\u0103 sau chiar <\/span><span class=\"cf2\">\u00eempotriva unui atac pe scar\u0103 larg\u0103 asupra <\/span><\/strong><span class=\"cf0\"><strong>\u021b\u0103rii noastre<\/strong>\u201d, a declarat Suessli, care urmeaz\u0103 s\u0103 <\/span><span class=\"cf2\">\u00ee<\/span><span class=\"cf0\">\u0219i <\/span><span class=\"cf2\">\u00eencheie mandatul la sf\u00e2r<\/span><span class=\"cf0\">\u0219itul acestui an.<\/span><\/p>\n<p class=\"pf0\" id=\"p-3\"><span class=\"cf1\">\u201e<strong>Este <\/strong><\/span><strong><span class=\"cf2\">\u00eempov<\/span><span class=\"cf0\">\u0103r\u0103tor s\u0103 \u0219tii c\u0103, <\/span><span class=\"cf2\">\u00eentr-o situa<\/span><\/strong><span class=\"cf0\"><strong>\u021bie de urgen\u021b\u0103 real\u0103, doar o treime dintre solda\u021bi ar fi complet echipa\u021bi<\/strong>\u201d, a mai spus el, <\/span><span class=\"cf2\">\u00eentr-un interviu publicat s\u00e2mb<\/span><span class=\"cf0\">\u0103t\u0103.<\/span><\/p>\n<p class=\"pf0\" id=\"p-4\">Elve\u021bia \u00ee\u0219i majoreaz\u0103 cheltuielile pentru ap\u0103rare, modernizeaz\u0103 artileria \u0219i sistemele terestre \u0219i \u00eenlocuie\u0219te avioanele de lupt\u0103 vechi cu F-35A. Planul este \u00eens\u0103 afectat de dep\u0103\u0219iri de costuri, iar criticii contest\u0103 cheltuielile pentru artilerie \u0219i muni\u021bii, pe fondul constr\u00e2ngerilor bugetare.<\/p>\n<h2 id=\"chapter-0\">Neutralitatea nu garanteaz\u0103 securitatea<\/h2>\n<p class=\"pf0\" id=\"p-5\"><span class=\"cf2\">Suessli a spus c<\/span><span class=\"cf0\">\u0103 atitudinea fa\u021b\u0103 de armat\u0103 nu s-a schimbat semnificativ, <\/span><span class=\"cf2\">\u00een pofida r<\/span><span class=\"cf0\">\u0103zboiului din Ucraina \u0219i a eforturilor Rusiei de a destabiliza Europa. El a pus acest lucru pe seama distan\u021bei Elve\u021biei fa\u021b\u0103 de conflict, a lipsei unei experien\u021be recente de r\u0103zboi \u0219i a credin\u021bei eronate c\u0103 neutralitatea ofer\u0103 protec\u021bie.<\/span><\/p>\n<p class=\"pf0\" id=\"p-6\"><span class=\"cf1\">\u201eDar acest lucru este incorect din punct de vedere istoric. Exist<\/span><span class=\"cf0\">\u0103 mai multe \u021b\u0103ri neutre care erau ne<\/span><span class=\"cf2\">\u00eenarmate <\/span><span class=\"cf0\">\u0219i care au fost atrase <\/span><span class=\"cf2\">\u00een r<\/span><span class=\"cf0\">\u0103zboi. Neutralitatea are valoare doar dac\u0103 poate fi ap\u0103rat\u0103 cu arme\u201d, a afirmat el.<\/span><\/p>\n<p class=\"pf0\" id=\"p-7\"><span class=\"cf0\">Elve\u021bia s-a angajat s\u0103 majoreze treptat cheltuielile pentru ap\u0103rare p<\/span><span class=\"cf2\">\u00e2n<\/span><span class=\"cf0\">\u0103 la aproximativ 1% din PIB <\/span><span class=\"cf2\">\u00een jurul anului 2032, de la circa 0,7% \u00een prezent,<\/span><span class=\"cf1\"> mult sub nivelul de 5% convenit de statele NATO.<\/span><\/p>\n<p class=\"pf0\" id=\"p-8\"><span class=\"cf2\">\u00cen acest ritm, armata elve<\/span><span class=\"cf0\">\u021bian\u0103 ar deveni pe deplin opera\u021bional\u0103 abia <\/span><span class=\"cf2\">\u00een jurul anului 2050. <\/span><span class=\"cf1\">\u201eEste prea t<\/span><span class=\"cf2\">\u00e2rziu, av\u00e2nd \u00een vedere amenin<\/span><span class=\"cf0\">\u021barea\u201d, a spus Suessli.<\/span><\/p>\n","protected":false},"excerpt":{"rendered":"<p>Elve\u021bia este preg\u0103tit\u0103 pentru atacuri ale \u201eactorilor non-statali\u201d asupra infrastructurii critice \u0219i pentru atacuri cibernetice, \u00eens\u0103 armata se confrunt\u0103 \u00een continuare cu probleme majore \u00een materie de echipamente, a spus &hellip; <a href=\"https:\/\/microscopemedia.com\/?p=668445\" class=\"more-link\">Read More<\/a><\/p>\n","protected":false},"author":1,"featured_media":668446,"comment_status":"closed","ping_status":"closed","sticky":false,"template":"Default","format":"standard","meta":[],"categories":[1],"tags":[],"_links":{"self":[{"href":"https:\/\/microscopemedia.com\/index.php?rest_route=\/wp\/v2\/posts\/668445"}],"collection":[{"href":"https:\/\/microscopemedia.com\/index.php?rest_route=\/wp\/v2\/posts"}],"about":[{"href":"https:\/\/microscopemedia.com\/index.php?rest_route=\/wp\/v2\/types\/post"}],"author":[{"embeddable":true,"href":"https:\/\/microscopemedia.com\/index.php?rest_route=\/wp\/v2\/users\/1"}],"replies":[{"embeddable":true,"href":"https:\/\/microscopemedia.com\/index.php?rest_route=%2Fwp%2Fv2%2Fcomments&post=668445"}],"version-history":[{"count":0,"href":"https:\/\/microscopemedia.com\/index.php?rest_route=\/wp\/v2\/posts\/668445\/revisions"}],"wp:featuredmedia":[{"embeddable":true,"href":"https:\/\/microscopemedia.com\/index.php?rest_route=\/wp\/v2\/media\/668446"}],"wp:attachment":[{"href":"https:\/\/microscopemedia.com\/index.php?rest_route=%2Fwp%2Fv2%2Fmedia&parent=668445"}],"wp:term":[{"taxonomy":"category","embeddable":true,"href":"https:\/\/microscopemedia.com\/index.php?rest_route=%2Fwp%2Fv2%2Fcategories&post=668445"},{"taxonomy":"post_tag","embeddable":true,"href":"https:\/\/microscopemedia.com\/index.php?rest_route=%2Fwp%2Fv2%2Ftags&post=668445"}],"curies":[{"name":"wp","href":"https:\/\/api.w.org\/{rel}","templated":true}]}}