{"id":668453,"date":"2025-12-27T13:06:04","date_gmt":"2025-12-27T13:06:04","guid":{"rendered":"https:\/\/microscopemedia.com\/?p=668453"},"modified":"2025-12-27T13:06:04","modified_gmt":"2025-12-27T13:06:04","slug":"barbatul-care-a-atacat-trei-femei-in-centrul-parisului-avea-ordin-de-expulzare-din-franta","status":"publish","type":"post","link":"https:\/\/microscopemedia.com\/?p=668453","title":{"rendered":"B\u0103rbatul care a atacat trei femei \u00een centrul Parisului avea ordin de expulzare din Fran\u021ba"},"content":{"rendered":"<div><img decoding=\"async\" src=\"https:\/\/microscopemedia.com\/wp-content\/uploads\/2025\/12\/barbatul-care-a-atacat-trei-femei-in-centrul-parisului-avea-ordin-de-expulzare-din-franta.jpg\" class=\"ff-og-image-inserted\"><\/div>\n<p id=\"p-0\">Potrivit Parchetului din <a href=\"https:\/\/www.mediafax.ro\/justitie\/politia-franceza-retine-un-barbat-dupa-ce-a-atacat-cu-un-cutit-trei-femei-in-centrul-parisului-23663766\">Paris<\/a>, agresiunile au avut loc vineri, 26 decembrie, \u00eentre orele 16:15 \u0219i 16:45, \u00een mai multe sta\u021bii ale liniei 3 de metrou, Arts-et-M\u00e9tiers, R\u00e9publique \u0219i Op\u00e9ra, situate \u00een centrul capitalei Fran\u021bei.<\/p>\n<p id=\"p-1\">Cele trei victime nu au fost r\u0103nite grav. Dou\u0103 dintre ele au fost transportate la spital de echipajele de urgen\u021b\u0103, f\u0103r\u0103 ca via\u021ba s\u0103 le fie pus\u0103 \u00een pericol, iar a treia s-a prezentat singur\u0103 la unitatea medical\u0103, conform Le Monde \u0219i AFP.<\/p>\n<h2 id=\"chapter-0\">Ordinul de expulzare nu a fost pus \u00een aplicare<\/h2>\n<p id=\"p-2\">Suspectul, un b\u0103rbat \u00een v\u00e2rst\u0103 de 25 de ani, a fost identificat cu ajutorul camerelor de supraveghere. Acesta figura \u00een eviden\u021bele poli\u021biei pentru diverse fapte. Autorit\u0103\u021bile au reu\u0219it s\u0103 \u00eel prind\u0103 prin geolocalizarea telefonului mobil.<\/p>\n<p id=\"p-3\">\u201eDe na\u021bionalitate malian\u0103 \u0219i cu \u0219edere ilegal\u0103 pe teritoriul na\u021bional, acest individ, deja cunoscut pentru distrugerea de bunuri sub influen\u021ba stupefiantelor, a fost \u00eencarcerat \u00een ianuarie 2024 pentru furt calificat \u0219i agresiune sexual\u0103\u201d, a transmis Ministerul francez de Interne \u00eentr-un comunicat.<\/p>\n<p id=\"p-4\">Dup\u0103 eliberarea din deten\u021bie, \u00een luna iulie, autorit\u0103\u021bile au emis pe numele s\u0103u un ordin de p\u0103r\u0103sire a teritoriului francez (OQTF), iar acesta a fost plasat \u00eentr-un centru de reten\u021bie.<\/p>\n<p id=\"p-5\">Ministerul francez de Interne a precizat c\u0103 expulzarea nu a putut fi pus\u0103 \u00een aplicare \u00een termenul legal de 90 de zile, deoarece autorit\u0103\u021bile nu au ob\u021binut documentele consulare necesare, \u00een lipsa unui act de identitate valabil.<\/p>\n<p id=\"p-6\">\u00cen aceste condi\u021bii, b\u0103rbatul a fost plasat \u00een arest la domiciliu.<\/p>\n<p id=\"p-7\">Ministrul francez de Interne, Laurent Nu\u00f1ez, a spus c\u0103 regret\u0103 faptul c\u0103 expulzarea nu a putut fi finalizat\u0103 \u0219i a dat asigur\u0103ri c\u0103 autorit\u0103\u021bile r\u0103m\u00e2n mobilizate pentru \u00eendep\u0103rtarea, cu prioritate, a str\u0103inilor afla\u021bi ilegal pe teritoriul Fran\u021bei care tulbur\u0103 ordinea public\u0103.<\/p>\n","protected":false},"excerpt":{"rendered":"<p>Potrivit Parchetului din Paris, agresiunile au avut loc vineri, 26 decembrie, \u00eentre orele 16:15 \u0219i 16:45, \u00een mai multe sta\u021bii ale liniei 3 de metrou, Arts-et-M\u00e9tiers, R\u00e9publique \u0219i Op\u00e9ra, situate &hellip; <a href=\"https:\/\/microscopemedia.com\/?p=668453\" class=\"more-link\">Read More<\/a><\/p>\n","protected":false},"author":1,"featured_media":668454,"comment_status":"closed","ping_status":"closed","sticky":false,"template":"Default","format":"standard","meta":[],"categories":[1],"tags":[],"_links":{"self":[{"href":"https:\/\/microscopemedia.com\/index.php?rest_route=\/wp\/v2\/posts\/668453"}],"collection":[{"href":"https:\/\/microscopemedia.com\/index.php?rest_route=\/wp\/v2\/posts"}],"about":[{"href":"https:\/\/microscopemedia.com\/index.php?rest_route=\/wp\/v2\/types\/post"}],"author":[{"embeddable":true,"href":"https:\/\/microscopemedia.com\/index.php?rest_route=\/wp\/v2\/users\/1"}],"replies":[{"embeddable":true,"href":"https:\/\/microscopemedia.com\/index.php?rest_route=%2Fwp%2Fv2%2Fcomments&post=668453"}],"version-history":[{"count":0,"href":"https:\/\/microscopemedia.com\/index.php?rest_route=\/wp\/v2\/posts\/668453\/revisions"}],"wp:featuredmedia":[{"embeddable":true,"href":"https:\/\/microscopemedia.com\/index.php?rest_route=\/wp\/v2\/media\/668454"}],"wp:attachment":[{"href":"https:\/\/microscopemedia.com\/index.php?rest_route=%2Fwp%2Fv2%2Fmedia&parent=668453"}],"wp:term":[{"taxonomy":"category","embeddable":true,"href":"https:\/\/microscopemedia.com\/index.php?rest_route=%2Fwp%2Fv2%2Fcategories&post=668453"},{"taxonomy":"post_tag","embeddable":true,"href":"https:\/\/microscopemedia.com\/index.php?rest_route=%2Fwp%2Fv2%2Ftags&post=668453"}],"curies":[{"name":"wp","href":"https:\/\/api.w.org\/{rel}","templated":true}]}}