{"id":668459,"date":"2025-12-27T13:46:04","date_gmt":"2025-12-27T13:46:04","guid":{"rendered":"https:\/\/microscopemedia.com\/?p=668459"},"modified":"2025-12-27T13:46:04","modified_gmt":"2025-12-27T13:46:04","slug":"episod-de-iarna-severa-in-romania-concluziile-sedintei-comitetului-ministerial-pentru-situatii-de-urgenta-convocat-de-ministerul-mediului","status":"publish","type":"post","link":"https:\/\/microscopemedia.com\/?p=668459","title":{"rendered":"Episod de iarn\u0103 sever\u0103 \u00een Rom\u00e2nia: concluziile \u0219edin\u021bei Comitetului ministerial pentru situa\u021bii de urgen\u021b\u0103 convocat de Ministerul Mediului"},"content":{"rendered":"<div><img decoding=\"async\" src=\"https:\/\/microscopemedia.com\/wp-content\/uploads\/2025\/12\/episod-de-iarna-severa-in-romania-concluziile-sedintei-comitetului-ministerial-pentru-situatii-de-urgenta-convocat-de-ministerul-mediului.jpg\" class=\"ff-og-image-inserted\"><\/div>\n<p data-start=\"144\" data-end=\"611\" id=\"p-0\">Ministra mediului, apelor \u0219i p\u0103durilor, <strong data-start=\"184\" data-end=\"202\">Diana Buzoianu<\/strong>, a convocat s\u00e2mb\u0103t\u0103<a href=\"https:\/\/www.mediafax.ro\/social\/ministerul-mediului-a-convocat-comitetul-pentru-situatii-de-urgenta-in-contextul-avertizarilor-meteo-de-viscol-si-vant-puternic-23663987\"> <strong data-start=\"222\" data-end=\"281\">Comitetul ministerial pentru situa\u021bii de urgen\u021b\u0103 (CMSU)<\/strong><\/a>, \u00een contextul avertiz\u0103rilor meteorologice de <strong data-start=\"327\" data-end=\"359\">Cod Galben \u0219i Cod Portocaliu<\/strong> emise de Administra\u021bia Na\u021bional\u0103 de Meteorologie. \u0218edin\u021ba extraordinar\u0103 a fost condus\u0103 de <strong data-start=\"450\" data-end=\"481\">secretarul de stat Raul Pop<\/strong> \u0219i a avut ca scop evaluarea riscurilor generate de un <strong data-start=\"536\" data-end=\"565\">episod de iarn\u0103 autentic\u0103<\/strong>, anun\u021bat pentru perioada <strong data-start=\"591\" data-end=\"610\">27\u201329 decembrie<\/strong>.<\/p>\n<h2 data-start=\"613\" data-end=\"677\" id=\"chapter-0\">Concluziile CMSU: v\u00e2nt puternic, viscol \u0219i ninsori abundente<\/h2>\n<p data-start=\"679\" data-end=\"1098\" id=\"p-1\">Potrivit inform\u0103rilor prezentate, Rom\u00e2nia va fi afectat\u0103 de <strong data-start=\"739\" data-end=\"769\">intensific\u0103ri ale v\u00e2ntului<\/strong>, precipita\u021bii predominant sub form\u0103 de <strong data-start=\"809\" data-end=\"821\">ninsoare<\/strong>, <strong data-start=\"823\" data-end=\"833\">viscol<\/strong>, <strong data-start=\"835\" data-end=\"844\">polei<\/strong> \u0219i <strong data-start=\"848\" data-end=\"858\">ghe\u021bu\u0219<\/strong>, cu impact major \u00een zonele montane \u0219i \u00een mai multe regiuni ale \u021b\u0103rii. V\u00e2ntul va atinge viteze de <strong data-start=\"956\" data-end=\"970\">40\u201360 km\/h<\/strong> \u00een majoritatea regiunilor, iar <strong data-start=\"1002\" data-end=\"1047\">la munte rafalele pot dep\u0103\u0219i 110\u2013130 km\/h<\/strong>, reduc\u00e2nd vizibilitatea chiar sub <strong data-start=\"1082\" data-end=\"1097\">50 de metri<\/strong>.<\/p>\n<p data-start=\"1100\" data-end=\"1324\" id=\"p-2\">\u00cen Maramure\u0219, Transilvania, Moldova, Dobrogea \u0219i estul Munteniei se va depune strat de z\u0103pad\u0103 de <strong data-start=\"1197\" data-end=\"1208\">5\u201310 cm<\/strong>, iar \u00een <strong data-start=\"1217\" data-end=\"1254\">Carpa\u021bii Meridionali \u0219i Orientali<\/strong> local se pot acumula <strong data-start=\"1276\" data-end=\"1288\">15\u201320 cm<\/strong>, cu ninsori viscolite \u0219i troienire.<\/p>\n<h2 data-start=\"1326\" data-end=\"1369\" id=\"chapter-1\">Avertisment pentru popula\u021bie \u0219i turi\u0219ti<\/h2>\n<p data-start=\"1371\" data-end=\"1533\" id=\"p-3\">Secretarul de stat <strong data-start=\"1390\" data-end=\"1402\">Raul Pop<\/strong> a subliniat c\u0103 situa\u021bia este cu at\u00e2t mai sensibil\u0103 cu c\u00e2t mul\u021bi rom\u00e2ni se afl\u0103 \u00een <strong data-start=\"1485\" data-end=\"1500\">minivacan\u021b\u0103<\/strong>, fiind atra\u0219i de zonele montane:<\/p>\n<blockquote data-start=\"1535\" data-end=\"1804\" readability=\"11\">\n<p data-start=\"1537\" data-end=\"1804\" id=\"p-4\">\u201eEste foarte important ca popula\u021bia s\u0103 evite traseele montane \u00een zonele aflate sub avertizare, s\u0103 \u021bin\u0103 leg\u0103tura cu Salvamont \u0219i s\u0103 respecte recomand\u0103rile autorit\u0103\u021bilor. ANM va emite, punctual, avertiz\u0103ri nowcasting inclusiv de Cod Ro\u0219u, acolo unde situa\u021bia o impune.\u201d<\/p>\n<\/blockquote>\n<p data-start=\"1806\" data-end=\"1942\" id=\"p-5\">Autorit\u0103\u021bile locale vor transmite avertiz\u0103rile c\u0103tre operatorii din turism, conform procedurilor, pentru prevenirea situa\u021biilor de risc.<\/p>\n<h2 data-start=\"1944\" data-end=\"2016\" id=\"chapter-2\">Situa\u021bia hidrologic\u0103: f\u0103r\u0103 pericole majore, dar cu m\u0103suri preventive<\/h2>\n<p data-start=\"2018\" data-end=\"2291\" id=\"p-6\">Din punct de vedere <strong data-start=\"2038\" data-end=\"2052\">hidrologic<\/strong>, nu sunt prognozate fenomene periculoase. Debitele r\u00e2urilor vor fi, \u00een general, <strong data-start=\"2133\" data-end=\"2169\">sta\u021bionare sau \u00een u\u0219oar\u0103 sc\u0103dere<\/strong>. <strong data-start=\"2171\" data-end=\"2182\">Dun\u0103rea<\/strong> are un debit de <strong data-start=\"2199\" data-end=\"2233\">2.900 m\u00b3\/s la intrarea \u00een \u021bar\u0103<\/strong>, urm\u00e2nd s\u0103 scad\u0103 spre <strong data-start=\"2256\" data-end=\"2270\">2.600 m\u00b3\/s<\/strong> \u00een zilele urm\u0103toare.<\/p>\n<p data-start=\"2293\" data-end=\"2403\" id=\"p-7\">Cu toate acestea, CMSU atrage aten\u021bia <strong data-start=\"2331\" data-end=\"2374\">de\u021bin\u0103torilor de amenaj\u0103ri hidrotehnice<\/strong> s\u0103 ia m\u0103suri urgente pentru:<\/p>\n<ul data-start=\"2404\" data-end=\"2609\" readability=\"0.5\">\n<li data-start=\"2404\" data-end=\"2488\" readability=\"0\">\n<p data-start=\"2406\" data-end=\"2488\" id=\"p-8\">prevenirea form\u0103rii <strong data-start=\"2426\" data-end=\"2449\">podurilor de ghea\u021b\u0103<\/strong> care pot bloca prizele \u0219i evacuatorii,<\/p>\n<\/li>\n<li data-start=\"2489\" data-end=\"2609\" readability=\"1\">\n<p data-start=\"2491\" data-end=\"2609\" id=\"p-9\">asigurarea <strong data-start=\"2502\" data-end=\"2545\">sursei alternative de energie electric\u0103<\/strong>, \u00een cazul \u00eentreruperilor provocate de condi\u021biile meteo extreme.<\/p>\n<\/li>\n<\/ul>\n<h3 data-start=\"2611\" data-end=\"2624\">Concluzie<\/h3>\n<p data-start=\"2626\" data-end=\"2864\" data-is-last-node data-is-only-node id=\"p-10\">Autorit\u0103\u021bile r\u0103m\u00e2n \u00een <strong data-start=\"2648\" data-end=\"2667\">stare de alert\u0103<\/strong>, monitorizeaz\u0103 permanent evolu\u021bia fenomenelor meteo \u0219i recomand\u0103 popula\u021biei <strong data-start=\"2744\" data-end=\"2763\">pruden\u021b\u0103 maxim\u0103<\/strong>, evitarea deplas\u0103rilor inutile \u00een zonele afectate \u0219i respectarea tuturor avertiz\u0103rilor emise de ANM.<\/p>\n","protected":false},"excerpt":{"rendered":"<p>Ministra mediului, apelor \u0219i p\u0103durilor, Diana Buzoianu, a convocat s\u00e2mb\u0103t\u0103 Comitetul ministerial pentru situa\u021bii de urgen\u021b\u0103 (CMSU), \u00een contextul avertiz\u0103rilor meteorologice de Cod Galben \u0219i Cod Portocaliu emise de Administra\u021bia &hellip; <a href=\"https:\/\/microscopemedia.com\/?p=668459\" class=\"more-link\">Read More<\/a><\/p>\n","protected":false},"author":1,"featured_media":668460,"comment_status":"closed","ping_status":"closed","sticky":false,"template":"Default","format":"standard","meta":[],"categories":[1],"tags":[],"_links":{"self":[{"href":"https:\/\/microscopemedia.com\/index.php?rest_route=\/wp\/v2\/posts\/668459"}],"collection":[{"href":"https:\/\/microscopemedia.com\/index.php?rest_route=\/wp\/v2\/posts"}],"about":[{"href":"https:\/\/microscopemedia.com\/index.php?rest_route=\/wp\/v2\/types\/post"}],"author":[{"embeddable":true,"href":"https:\/\/microscopemedia.com\/index.php?rest_route=\/wp\/v2\/users\/1"}],"replies":[{"embeddable":true,"href":"https:\/\/microscopemedia.com\/index.php?rest_route=%2Fwp%2Fv2%2Fcomments&post=668459"}],"version-history":[{"count":0,"href":"https:\/\/microscopemedia.com\/index.php?rest_route=\/wp\/v2\/posts\/668459\/revisions"}],"wp:featuredmedia":[{"embeddable":true,"href":"https:\/\/microscopemedia.com\/index.php?rest_route=\/wp\/v2\/media\/668460"}],"wp:attachment":[{"href":"https:\/\/microscopemedia.com\/index.php?rest_route=%2Fwp%2Fv2%2Fmedia&parent=668459"}],"wp:term":[{"taxonomy":"category","embeddable":true,"href":"https:\/\/microscopemedia.com\/index.php?rest_route=%2Fwp%2Fv2%2Fcategories&post=668459"},{"taxonomy":"post_tag","embeddable":true,"href":"https:\/\/microscopemedia.com\/index.php?rest_route=%2Fwp%2Fv2%2Ftags&post=668459"}],"curies":[{"name":"wp","href":"https:\/\/api.w.org\/{rel}","templated":true}]}}